{"id":7465,"date":"2023-06-02T12:56:13","date_gmt":"2023-06-02T10:56:13","guid":{"rendered":"https:\/\/agora.xtec.cat\/ceip-agsantandreu\/?p=7465"},"modified":"2023-06-02T12:56:13","modified_gmt":"2023-06-02T10:56:13","slug":"sortida-i3-granja","status":"publish","type":"post","link":"https:\/\/agora.xtec.cat\/ceip-agsantandreu\/general\/sortida-i3-granja\/","title":{"rendered":"Sortida I3 &#8211; Granja"},"content":{"rendered":"<p>Hola Fam\u00edlies!<\/p>\n<p>El passat dimarts els nens i nenes de les trompetes blaves i vermelles vam anar d\u2019excursi\u00f3 a la Granja Canpidelaserra i ens ho vam passar molt b\u00e9! En arribar vam esmorzar per poder agafar-ne forces. Despr\u00e9s vam anar a veure els animals de granja: la porqueta Georgina, les gallines, els conills, les cabres, les ovelles, els \u00e0necs, la vaca Vela, etc&#8230; Vam poder tocar-los, donar-lis de menjar i aix\u00ed vam aprendre com es diu l\u2019aliment que a cada animal m\u00e9s li agrada, si tenen p\u00e8l o plomes, si el tacte de la seva pell \u00e9s suau o aspre, etc&#8230;<\/p>\n<p>I per \u00faltim&#8230;sabeu qu\u00e8? ens estava esperant la \u201cPepa\u201d que ens va fer una passejada molt divertida pujats en el seu carro. Quina experi\u00e8ncia m\u00e9s divertida!!! I mentrestant an\u00e0vem cantant la seva can\u00e7\u00f3 per a que ella tamb\u00e9 estigu\u00e9s contenta. I sense adonar-nos va ser l\u2019hora del dinar!<\/p>\n<p>Va ser un dia GENIAL! Vam gaudir amb els nostres companys\/es i les nostres mestres en un entorn molt maco amb els animals de granja.<\/p>\n<p><a href=\"https:\/\/agora.xtec.cat\/ceip-agsantandreu\/wp-content\/uploads\/usu37\/2023\/06\/WhatsApp-Image-2023-06-01-at-14.42.46-1.jpeg\"><img loading=\"lazy\" decoding=\"async\" class=\"wp-image-7466 aligncenter\" src=\"https:\/\/agora.xtec.cat\/ceip-agsantandreu\/wp-content\/uploads\/usu37\/2023\/06\/WhatsApp-Image-2023-06-01-at-14.42.46-1-1024x768.jpeg\" alt=\"\" width=\"478\" height=\"359\" srcset=\"https:\/\/agora.xtec.cat\/ceip-agsantandreu\/wp-content\/uploads\/usu37\/2023\/06\/WhatsApp-Image-2023-06-01-at-14.42.46-1-1024x768.jpeg 1024w, https:\/\/agora.xtec.cat\/ceip-agsantandreu\/wp-content\/uploads\/usu37\/2023\/06\/WhatsApp-Image-2023-06-01-at-14.42.46-1-300x225.jpeg 300w, https:\/\/agora.xtec.cat\/ceip-agsantandreu\/wp-content\/uploads\/usu37\/2023\/06\/WhatsApp-Image-2023-06-01-at-14.42.46-1-768x576.jpeg 768w, https:\/\/agora.xtec.cat\/ceip-agsantandreu\/wp-content\/uploads\/usu37\/2023\/06\/WhatsApp-Image-2023-06-01-at-14.42.46-1-1536x1152.jpeg 1536w, https:\/\/agora.xtec.cat\/ceip-agsantandreu\/wp-content\/uploads\/usu37\/2023\/06\/WhatsApp-Image-2023-06-01-at-14.42.46-1-200x150.jpeg 200w, https:\/\/agora.xtec.cat\/ceip-agsantandreu\/wp-content\/uploads\/usu37\/2023\/06\/WhatsApp-Image-2023-06-01-at-14.42.46-1.jpeg 2000w\" sizes=\"auto, (max-width: 478px) 100vw, 478px\" \/><\/a><\/p>\n<p style=\"text-align: center\"><a href=\"https:\/\/photos.app.goo.gl\/LgSos1JyDsYM4uyv6\">FOTOGRAFIES<\/a><\/p>\n","protected":false},"excerpt":{"rendered":"<p>Hola Fam\u00edlies!<br \/>\nEl passat dimarts els nens i nenes de les trompetes blaves i vermelles vam anar d\u2019excursi\u00f3 a la Granja Canpidelaserra i ens ho vam passar molt b\u00e9! En arribar vam esmorzar per poder agafar-ne forces. Despr\u00e9s vam anar a veure els animals de granja:&hellip;  <a href=\"https:\/\/agora.xtec.cat\/ceip-agsantandreu\/general\/sortida-i3-granja\/\" title=\"Read Sortida I3 &#8211; Granja\">Llegeix m\u00e9s\u00bb<\/a><\/p>\n","protected":false},"author":3,"featured_media":0,"comment_status":"closed","ping_status":"closed","sticky":false,"template":"","format":"standard","meta":{"_bbp_topic_count":0,"_bbp_reply_count":0,"_bbp_total_topic_count":0,"_bbp_total_reply_count":0,"_bbp_voice_count":0,"_bbp_anonymous_reply_count":0,"_bbp_topic_count_hidden":0,"_bbp_reply_count_hidden":0,"_bbp_forum_subforum_count":0,"footnotes":""},"categories":[2,1,4],"tags":[],"class_list":["post-7465","post","type-post","status-publish","format-standard","hentry","category-petits","category-general","category-portada"],"post_mailing_queue_ids":[],"_links":{"self":[{"href":"https:\/\/agora.xtec.cat\/ceip-agsantandreu\/wp-json\/wp\/v2\/posts\/7465","targetHints":{"allow":["GET"]}}],"collection":[{"href":"https:\/\/agora.xtec.cat\/ceip-agsantandreu\/wp-json\/wp\/v2\/posts"}],"about":[{"href":"https:\/\/agora.xtec.cat\/ceip-agsantandreu\/wp-json\/wp\/v2\/types\/post"}],"author":[{"embeddable":true,"href":"https:\/\/agora.xtec.cat\/ceip-agsantandreu\/wp-json\/wp\/v2\/users\/3"}],"replies":[{"embeddable":true,"href":"https:\/\/agora.xtec.cat\/ceip-agsantandreu\/wp-json\/wp\/v2\/comments?post=7465"}],"version-history":[{"count":3,"href":"https:\/\/agora.xtec.cat\/ceip-agsantandreu\/wp-json\/wp\/v2\/posts\/7465\/revisions"}],"predecessor-version":[{"id":7469,"href":"https:\/\/agora.xtec.cat\/ceip-agsantandreu\/wp-json\/wp\/v2\/posts\/7465\/revisions\/7469"}],"wp:attachment":[{"href":"https:\/\/agora.xtec.cat\/ceip-agsantandreu\/wp-json\/wp\/v2\/media?parent=7465"}],"wp:term":[{"taxonomy":"category","embeddable":true,"href":"https:\/\/agora.xtec.cat\/ceip-agsantandreu\/wp-json\/wp\/v2\/categories?post=7465"},{"taxonomy":"post_tag","embeddable":true,"href":"https:\/\/agora.xtec.cat\/ceip-agsantandreu\/wp-json\/wp\/v2\/tags?post=7465"}],"curies":[{"name":"wp","href":"https:\/\/api.w.org\/{rel}","templated":true}]}}