{"id":7416,"date":"2023-05-26T16:21:32","date_gmt":"2023-05-26T14:21:32","guid":{"rendered":"https:\/\/agora.xtec.cat\/ceip-agsantandreu\/?p=7416"},"modified":"2023-05-26T16:21:32","modified_gmt":"2023-05-26T14:21:32","slug":"viu-el-riu-amb-els-alumnes-de-3r","status":"publish","type":"post","link":"https:\/\/agora.xtec.cat\/ceip-agsantandreu\/general\/viu-el-riu-amb-els-alumnes-de-3r\/","title":{"rendered":"Viu el riu amb els alumnes de 3r!"},"content":{"rendered":"<p>Avui hem gaudit de valent del nostre entorn m\u00e9s proper.<\/p>\n<p>Hem anat al riu i hem apr\u00e9s molt\u00edssimes coses de la seva diversitat, especies de plantes aut\u00f2ctones i invasores, animals del nostre medi&#8230; Fins i tot, molts que acabem d&#8217;estudiar a la classe, com s\u00f3n els amfibis i invertebrats!<\/p>\n<p>El dia ha estat molt profit\u00f3s, tot aquets treball amb una llarga caminada i recollida d&#8217;escombraries del voltant del nostre riu. Un \u00e8xit!<\/p>\n<p><a href=\"https:\/\/photos.app.goo.gl\/8p3NJB3KDuzKrR5F9\" target=\"_blank\" rel=\"noopener\">Aqu\u00ed us deixem unes imatges!<\/a><\/p>\n<p><a href=\"https:\/\/photos.app.goo.gl\/8p3NJB3KDuzKrR5F9\" target=\"_blank\" rel=\"noopener\"><img loading=\"lazy\" decoding=\"async\" class=\"aligncenter wp-image-7417 size-full\" src=\"https:\/\/agora.xtec.cat\/ceip-agsantandreu\/wp-content\/uploads\/usu37\/2023\/05\/WhatsApp-Image-2023-05-26-at-16.10.28.jpeg\" alt=\"\" width=\"1024\" height=\"768\" srcset=\"https:\/\/agora.xtec.cat\/ceip-agsantandreu\/wp-content\/uploads\/usu37\/2023\/05\/WhatsApp-Image-2023-05-26-at-16.10.28.jpeg 1024w, https:\/\/agora.xtec.cat\/ceip-agsantandreu\/wp-content\/uploads\/usu37\/2023\/05\/WhatsApp-Image-2023-05-26-at-16.10.28-300x225.jpeg 300w, https:\/\/agora.xtec.cat\/ceip-agsantandreu\/wp-content\/uploads\/usu37\/2023\/05\/WhatsApp-Image-2023-05-26-at-16.10.28-768x576.jpeg 768w, https:\/\/agora.xtec.cat\/ceip-agsantandreu\/wp-content\/uploads\/usu37\/2023\/05\/WhatsApp-Image-2023-05-26-at-16.10.28-200x150.jpeg 200w\" sizes=\"auto, (max-width: 1024px) 100vw, 1024px\" \/><\/a><\/p>\n<p><a href=\"https:\/\/photos.app.goo.gl\/8p3NJB3KDuzKrR5F9\" target=\"_blank\" rel=\"noopener\"><img loading=\"lazy\" decoding=\"async\" class=\"aligncenter wp-image-7418 size-full\" src=\"https:\/\/agora.xtec.cat\/ceip-agsantandreu\/wp-content\/uploads\/usu37\/2023\/05\/WhatsApp-Image-2023-05-26-at-16.10.29-1.jpeg\" alt=\"\" width=\"1024\" height=\"768\" srcset=\"https:\/\/agora.xtec.cat\/ceip-agsantandreu\/wp-content\/uploads\/usu37\/2023\/05\/WhatsApp-Image-2023-05-26-at-16.10.29-1.jpeg 1024w, https:\/\/agora.xtec.cat\/ceip-agsantandreu\/wp-content\/uploads\/usu37\/2023\/05\/WhatsApp-Image-2023-05-26-at-16.10.29-1-300x225.jpeg 300w, https:\/\/agora.xtec.cat\/ceip-agsantandreu\/wp-content\/uploads\/usu37\/2023\/05\/WhatsApp-Image-2023-05-26-at-16.10.29-1-768x576.jpeg 768w, https:\/\/agora.xtec.cat\/ceip-agsantandreu\/wp-content\/uploads\/usu37\/2023\/05\/WhatsApp-Image-2023-05-26-at-16.10.29-1-200x150.jpeg 200w\" sizes=\"auto, (max-width: 1024px) 100vw, 1024px\" \/><\/a><\/p>\n","protected":false},"excerpt":{"rendered":"<p>Avui hem gaudit de valent del nostre entorn m\u00e9s proper.<br \/>\nHem anat al riu i hem apr\u00e9s molt\u00edssimes coses de la seva diversitat, especies de plantes aut\u00f2ctones i invasores, animals del nostre medi&#8230; Fins i tot, molts que acabem d&#8217;estudiar a la classe, com s\u00f3n els&hellip;  <a href=\"https:\/\/agora.xtec.cat\/ceip-agsantandreu\/general\/viu-el-riu-amb-els-alumnes-de-3r\/\" title=\"Read Viu el riu amb els alumnes de 3r!\">Llegeix m\u00e9s\u00bb<\/a><\/p>\n","protected":false},"author":1,"featured_media":0,"comment_status":"closed","ping_status":"closed","sticky":false,"template":"","format":"standard","meta":{"_bbp_topic_count":0,"_bbp_reply_count":0,"_bbp_total_topic_count":0,"_bbp_total_reply_count":0,"_bbp_voice_count":0,"_bbp_anonymous_reply_count":0,"_bbp_topic_count_hidden":0,"_bbp_reply_count_hidden":0,"_bbp_forum_subforum_count":0,"footnotes":""},"categories":[58,1,4],"tags":[],"class_list":["post-7416","post","type-post","status-publish","format-standard","hentry","category-mitjans-mitjans","category-general","category-portada"],"post_mailing_queue_ids":[],"_links":{"self":[{"href":"https:\/\/agora.xtec.cat\/ceip-agsantandreu\/wp-json\/wp\/v2\/posts\/7416","targetHints":{"allow":["GET"]}}],"collection":[{"href":"https:\/\/agora.xtec.cat\/ceip-agsantandreu\/wp-json\/wp\/v2\/posts"}],"about":[{"href":"https:\/\/agora.xtec.cat\/ceip-agsantandreu\/wp-json\/wp\/v2\/types\/post"}],"author":[{"embeddable":true,"href":"https:\/\/agora.xtec.cat\/ceip-agsantandreu\/wp-json\/wp\/v2\/users\/1"}],"replies":[{"embeddable":true,"href":"https:\/\/agora.xtec.cat\/ceip-agsantandreu\/wp-json\/wp\/v2\/comments?post=7416"}],"version-history":[{"count":1,"href":"https:\/\/agora.xtec.cat\/ceip-agsantandreu\/wp-json\/wp\/v2\/posts\/7416\/revisions"}],"predecessor-version":[{"id":7419,"href":"https:\/\/agora.xtec.cat\/ceip-agsantandreu\/wp-json\/wp\/v2\/posts\/7416\/revisions\/7419"}],"wp:attachment":[{"href":"https:\/\/agora.xtec.cat\/ceip-agsantandreu\/wp-json\/wp\/v2\/media?parent=7416"}],"wp:term":[{"taxonomy":"category","embeddable":true,"href":"https:\/\/agora.xtec.cat\/ceip-agsantandreu\/wp-json\/wp\/v2\/categories?post=7416"},{"taxonomy":"post_tag","embeddable":true,"href":"https:\/\/agora.xtec.cat\/ceip-agsantandreu\/wp-json\/wp\/v2\/tags?post=7416"}],"curies":[{"name":"wp","href":"https:\/\/api.w.org\/{rel}","templated":true}]}}