{"id":7361,"date":"2023-04-24T16:01:51","date_gmt":"2023-04-24T14:01:51","guid":{"rendered":"https:\/\/agora.xtec.cat\/ceip-agsantandreu\/?p=7361"},"modified":"2023-04-24T16:01:51","modified_gmt":"2023-04-24T14:01:51","slug":"els-de-6e-pugen-el-montcau","status":"publish","type":"post","link":"https:\/\/agora.xtec.cat\/ceip-agsantandreu\/general\/els-de-6e-pugen-el-montcau\/","title":{"rendered":"Els de 6\u00e8 pugen el Montcau"},"content":{"rendered":"<p>Avui l&#8217;alumnat de 6\u00e8 ha pujat la muntanya del Montcau al llarg de la seva visita al Parc Natural de Sant Lloren\u00e7 de Munt i l&#8217;Obac. Han fet cim a 1.056 metres d&#8217;al\u00e7ada despr\u00e9s de caminar uns 7 km d&#8217;una ruta circular on molts d&#8217;ells han descobert que s\u00f3n capa\u00e7os de fer. Una sortida molt enriquidora i amb ple contacte amb la natura.<\/p>\n<p><a href=\"https:\/\/photos.app.goo.gl\/PP7bdadZiCwnz9ab7\" target=\"_blank\" rel=\"noopener\">Aqu\u00ed us deixem unes imatges<\/a><\/p>\n<p><a href=\"https:\/\/photos.app.goo.gl\/PP7bdadZiCwnz9ab7\" target=\"_blank\" rel=\"noopener\"><img loading=\"lazy\" decoding=\"async\" class=\"aligncenter wp-image-7362 size-large\" src=\"https:\/\/agora.xtec.cat\/ceip-agsantandreu\/wp-content\/uploads\/usu37\/2023\/04\/WhatsApp-Image-2023-04-24-at-15.28.06-1024x771.jpeg\" alt=\"\" width=\"1024\" height=\"771\" srcset=\"https:\/\/agora.xtec.cat\/ceip-agsantandreu\/wp-content\/uploads\/usu37\/2023\/04\/WhatsApp-Image-2023-04-24-at-15.28.06-1024x771.jpeg 1024w, https:\/\/agora.xtec.cat\/ceip-agsantandreu\/wp-content\/uploads\/usu37\/2023\/04\/WhatsApp-Image-2023-04-24-at-15.28.06-300x226.jpeg 300w, https:\/\/agora.xtec.cat\/ceip-agsantandreu\/wp-content\/uploads\/usu37\/2023\/04\/WhatsApp-Image-2023-04-24-at-15.28.06-768x578.jpeg 768w, https:\/\/agora.xtec.cat\/ceip-agsantandreu\/wp-content\/uploads\/usu37\/2023\/04\/WhatsApp-Image-2023-04-24-at-15.28.06-1536x1157.jpeg 1536w, https:\/\/agora.xtec.cat\/ceip-agsantandreu\/wp-content\/uploads\/usu37\/2023\/04\/WhatsApp-Image-2023-04-24-at-15.28.06-200x150.jpeg 200w, https:\/\/agora.xtec.cat\/ceip-agsantandreu\/wp-content\/uploads\/usu37\/2023\/04\/WhatsApp-Image-2023-04-24-at-15.28.06.jpeg 2040w\" sizes=\"auto, (max-width: 1024px) 100vw, 1024px\" \/><\/a><\/p>\n","protected":false},"excerpt":{"rendered":"<p>Avui l&#8217;alumnat de 6\u00e8 ha pujat la muntanya del Montcau al llarg de la seva visita al Parc Natural de Sant Lloren\u00e7 de Munt i l&#8217;Obac. Han fet cim a 1.056 metres d&#8217;al\u00e7ada despr\u00e9s de caminar uns 7 km d&#8217;una ruta circular on molts d&#8217;ells&hellip;  <a href=\"https:\/\/agora.xtec.cat\/ceip-agsantandreu\/general\/els-de-6e-pugen-el-montcau\/\" title=\"Read Els de 6\u00e8 pugen el Montcau\">Llegeix m\u00e9s\u00bb<\/a><\/p>\n","protected":false},"author":1,"featured_media":0,"comment_status":"closed","ping_status":"closed","sticky":false,"template":"","format":"standard","meta":{"_bbp_topic_count":0,"_bbp_reply_count":0,"_bbp_total_topic_count":0,"_bbp_total_reply_count":0,"_bbp_voice_count":0,"_bbp_anonymous_reply_count":0,"_bbp_topic_count_hidden":0,"_bbp_reply_count_hidden":0,"_bbp_forum_subforum_count":0,"footnotes":""},"categories":[59,1,4],"tags":[],"class_list":["post-7361","post","type-post","status-publish","format-standard","hentry","category-grans","category-general","category-portada"],"post_mailing_queue_ids":[],"_links":{"self":[{"href":"https:\/\/agora.xtec.cat\/ceip-agsantandreu\/wp-json\/wp\/v2\/posts\/7361","targetHints":{"allow":["GET"]}}],"collection":[{"href":"https:\/\/agora.xtec.cat\/ceip-agsantandreu\/wp-json\/wp\/v2\/posts"}],"about":[{"href":"https:\/\/agora.xtec.cat\/ceip-agsantandreu\/wp-json\/wp\/v2\/types\/post"}],"author":[{"embeddable":true,"href":"https:\/\/agora.xtec.cat\/ceip-agsantandreu\/wp-json\/wp\/v2\/users\/1"}],"replies":[{"embeddable":true,"href":"https:\/\/agora.xtec.cat\/ceip-agsantandreu\/wp-json\/wp\/v2\/comments?post=7361"}],"version-history":[{"count":1,"href":"https:\/\/agora.xtec.cat\/ceip-agsantandreu\/wp-json\/wp\/v2\/posts\/7361\/revisions"}],"predecessor-version":[{"id":7363,"href":"https:\/\/agora.xtec.cat\/ceip-agsantandreu\/wp-json\/wp\/v2\/posts\/7361\/revisions\/7363"}],"wp:attachment":[{"href":"https:\/\/agora.xtec.cat\/ceip-agsantandreu\/wp-json\/wp\/v2\/media?parent=7361"}],"wp:term":[{"taxonomy":"category","embeddable":true,"href":"https:\/\/agora.xtec.cat\/ceip-agsantandreu\/wp-json\/wp\/v2\/categories?post=7361"},{"taxonomy":"post_tag","embeddable":true,"href":"https:\/\/agora.xtec.cat\/ceip-agsantandreu\/wp-json\/wp\/v2\/tags?post=7361"}],"curies":[{"name":"wp","href":"https:\/\/api.w.org\/{rel}","templated":true}]}}