{"id":7354,"date":"2023-04-21T16:41:01","date_gmt":"2023-04-21T14:41:01","guid":{"rendered":"https:\/\/agora.xtec.cat\/ceip-agsantandreu\/?p=7354"},"modified":"2023-04-21T16:41:01","modified_gmt":"2023-04-21T14:41:01","slug":"sant-jordi-2023","status":"publish","type":"post","link":"https:\/\/agora.xtec.cat\/ceip-agsantandreu\/general\/sant-jordi-2023\/","title":{"rendered":"Sant Jordi 2023"},"content":{"rendered":"<p style=\"text-align: left;\">Avui ha estat un dia molt especial perqu\u00e8 hem celebrat Sant Jordi a la nostra escola. Com sempre hem gaudit d&#8217;un dia ple d&#8217;emocions amb l&#8217;entrega de premis dels Jocs Florals en els que han participats totes les nenes i els nens amb les seves produccions liter\u00e0ries .L&#8217;alumnat tamb\u00e9 ha ballat danses d&#8217;arreu del m\u00f3n que ha preparat amb la M.Eug\u00e8nia, la mestra de m\u00fasica, amb molta il\u00b7lusi\u00f3. Els nenes i nenes de 6\u00e8 han posat la seva paradeta de llibres, roses i punts de llibre, com els grans de l&#8217;escola que s\u00f3n, a on tothom ha pogut tafanejar o comprar alguna coseta. Tota aquesta jornada l&#8217;hem pogut compartir amb les fam\u00edlies, a les que agra\u00efm la seva assist\u00e8ncia i col\u00b7laboraci\u00f3 amb la recollida de llibres reciclats.<\/p>\n<p><img loading=\"lazy\" decoding=\"async\" class=\"wp-image-7355 aligncenter\" src=\"https:\/\/agora.xtec.cat\/ceip-agsantandreu\/wp-content\/uploads\/usu37\/2023\/04\/PORTADA.png\" alt=\"\" width=\"372\" height=\"317\" srcset=\"https:\/\/agora.xtec.cat\/ceip-agsantandreu\/wp-content\/uploads\/usu37\/2023\/04\/PORTADA.png 986w, https:\/\/agora.xtec.cat\/ceip-agsantandreu\/wp-content\/uploads\/usu37\/2023\/04\/PORTADA-300x256.png 300w, https:\/\/agora.xtec.cat\/ceip-agsantandreu\/wp-content\/uploads\/usu37\/2023\/04\/PORTADA-768x654.png 768w\" sizes=\"auto, (max-width: 372px) 100vw, 372px\" \/><span style=\"font-family: inherit; font-size: 1em;\">Aqu\u00ed us deixem una petita mostra del que ha estat la nostra Diada de Sant Jordi!!!<a href=\"https:\/\/photos.app.goo.gl\/9anoBeLqbUxhzH5j6\" target=\"_blank\" rel=\"noopener\">\u00a0 \u00a0 \u00a0 \u00a0 \u00a0FOTOGRAFIES<\/a><\/span><\/p>\n<p>&nbsp;<\/p>\n<p style=\"text-align: center;\">\n","protected":false},"excerpt":{"rendered":"<p>Avui ha estat un dia molt especial perqu\u00e8 hem celebrat Sant Jordi a la nostra escola. Com sempre hem gaudit d&#8217;un dia ple d&#8217;emocions amb l&#8217;entrega de premis dels Jocs Florals en els que han participats totes les nenes i els nens amb les seves&hellip;  <a href=\"https:\/\/agora.xtec.cat\/ceip-agsantandreu\/general\/sant-jordi-2023\/\" title=\"Read Sant Jordi 2023\">Llegeix m\u00e9s\u00bb<\/a><\/p>\n","protected":false},"author":1,"featured_media":0,"comment_status":"closed","ping_status":"closed","sticky":false,"template":"","format":"standard","meta":{"_bbp_topic_count":0,"_bbp_reply_count":0,"_bbp_total_topic_count":0,"_bbp_total_reply_count":0,"_bbp_voice_count":0,"_bbp_anonymous_reply_count":0,"_bbp_topic_count_hidden":0,"_bbp_reply_count_hidden":0,"_bbp_forum_subforum_count":0,"footnotes":""},"categories":[1,4],"tags":[],"class_list":["post-7354","post","type-post","status-publish","format-standard","hentry","category-general","category-portada"],"post_mailing_queue_ids":[],"_links":{"self":[{"href":"https:\/\/agora.xtec.cat\/ceip-agsantandreu\/wp-json\/wp\/v2\/posts\/7354","targetHints":{"allow":["GET"]}}],"collection":[{"href":"https:\/\/agora.xtec.cat\/ceip-agsantandreu\/wp-json\/wp\/v2\/posts"}],"about":[{"href":"https:\/\/agora.xtec.cat\/ceip-agsantandreu\/wp-json\/wp\/v2\/types\/post"}],"author":[{"embeddable":true,"href":"https:\/\/agora.xtec.cat\/ceip-agsantandreu\/wp-json\/wp\/v2\/users\/1"}],"replies":[{"embeddable":true,"href":"https:\/\/agora.xtec.cat\/ceip-agsantandreu\/wp-json\/wp\/v2\/comments?post=7354"}],"version-history":[{"count":3,"href":"https:\/\/agora.xtec.cat\/ceip-agsantandreu\/wp-json\/wp\/v2\/posts\/7354\/revisions"}],"predecessor-version":[{"id":7360,"href":"https:\/\/agora.xtec.cat\/ceip-agsantandreu\/wp-json\/wp\/v2\/posts\/7354\/revisions\/7360"}],"wp:attachment":[{"href":"https:\/\/agora.xtec.cat\/ceip-agsantandreu\/wp-json\/wp\/v2\/media?parent=7354"}],"wp:term":[{"taxonomy":"category","embeddable":true,"href":"https:\/\/agora.xtec.cat\/ceip-agsantandreu\/wp-json\/wp\/v2\/categories?post=7354"},{"taxonomy":"post_tag","embeddable":true,"href":"https:\/\/agora.xtec.cat\/ceip-agsantandreu\/wp-json\/wp\/v2\/tags?post=7354"}],"curies":[{"name":"wp","href":"https:\/\/api.w.org\/{rel}","templated":true}]}}