{"id":7307,"date":"2023-04-13T02:01:35","date_gmt":"2023-04-13T00:01:35","guid":{"rendered":"https:\/\/agora.xtec.cat\/ceip-agsantandreu\/?p=7307"},"modified":"2023-04-13T02:57:37","modified_gmt":"2023-04-13T00:57:37","slug":"casal-estiu-i-colonies","status":"publish","type":"post","link":"https:\/\/agora.xtec.cat\/ceip-agsantandreu\/afa\/casal-estiu-i-colonies\/","title":{"rendered":"CASAL ESTIU I COL\u00d2NIES"},"content":{"rendered":"<p>Hola fam\u00edlies! En el seg\u00fcent enlla\u00e7 teniu tota la informaci\u00f3 sobre el Casal d&#8217;Estiu i les Col\u00f2nies organitzades per l&#8217;AMPA.<\/p>\n<p><a href=\"https:\/\/drive.google.com\/file\/d\/1qKR2IVr2UXkFc6K2aNegLdK7zYfy-dMI\/view?usp=share_link\" target=\"_blank\" rel=\"noopener\">FULL INFORMATIU<\/a><\/p>\n<p><a href=\"https:\/\/drive.google.com\/file\/d\/1v7kxyTG33MpL1KcMJTBa5swykoVj_uPB\/view?usp=share_link\" target=\"_blank\" rel=\"noopener\">Programa petits<\/a><\/p>\n<p><a href=\"https:\/\/drive.google.com\/file\/d\/1Nkvllh-7_ErDIG2ISciK9Tjc7SNxVrMW\/view?usp=share_link\" target=\"_blank\" rel=\"noopener\">Programa mitjans<\/a><\/p>\n<p><a href=\"https:\/\/drive.google.com\/file\/d\/14XJxtX8tNSpFxyisQ2oiodwHigoQ3lTB\/view?usp=share_link\" target=\"_blank\" rel=\"noopener\">Programa grans<\/a><\/p>\n<p>Dijous 13 Abril a les 16.30h ==&gt; REUNI\u00d3 INFORMATIVA AL GIMN\u00c0S DE L&#8217;ESCOLA.<\/p>\n<p>ANIMEU-VOS!<\/p>\n","protected":false},"excerpt":{"rendered":"<p>Hola fam\u00edlies! En el seg\u00fcent enlla\u00e7 teniu tota la informaci\u00f3 sobre el Casal d&#8217;Estiu i les Col\u00f2nies organitzades per l&#8217;AMPA.<br \/>\n<a href=\"https:\/\/drive.google.com\/file\/d\/1qKR2IVr2UXkFc6K2aNegLdK7zYfy-dMI\/view?usp=share_link\" target=\"_blank\" rel=\"noopener\">FULL INFORMATIU<\/a><br \/>\n<a href=\"https:\/\/drive.google.com\/file\/d\/1v7kxyTG33MpL1KcMJTBa5swykoVj_uPB\/view?usp=share_link\" target=\"_blank\" rel=\"noopener\">Programa petits<\/a><br \/>\n<a href=\"https:\/\/drive.google.com\/file\/d\/1Nkvllh-7_ErDIG2ISciK9Tjc7SNxVrMW\/view?usp=share_link\" target=\"_blank\" rel=\"noopener\">Programa mitjans<\/a><br \/>\n<a href=\"https:\/\/drive.google.com\/file\/d\/14XJxtX8tNSpFxyisQ2oiodwHigoQ3lTB\/view?usp=share_link\" target=\"_blank\" rel=\"noopener\">Programa grans<\/a><br \/>\nDijous 13 Abril a les 16.30h ==&gt; REUNI\u00d3 INFORMATIVA AL&hellip;  <a href=\"https:\/\/agora.xtec.cat\/ceip-agsantandreu\/afa\/casal-estiu-i-colonies\/\" title=\"Read CASAL ESTIU I COL\u00d2NIES\">Llegeix m\u00e9s\u00bb<\/a><\/p>\n","protected":false},"author":6,"featured_media":7308,"comment_status":"closed","ping_status":"closed","sticky":false,"template":"","format":"standard","meta":{"_bbp_topic_count":0,"_bbp_reply_count":0,"_bbp_total_topic_count":0,"_bbp_total_reply_count":0,"_bbp_voice_count":0,"_bbp_anonymous_reply_count":0,"_bbp_topic_count_hidden":0,"_bbp_reply_count_hidden":0,"_bbp_forum_subforum_count":0,"footnotes":""},"categories":[7],"tags":[],"class_list":["post-7307","post","type-post","status-publish","format-standard","has-post-thumbnail","hentry","category-afa"],"post_mailing_queue_ids":[],"_links":{"self":[{"href":"https:\/\/agora.xtec.cat\/ceip-agsantandreu\/wp-json\/wp\/v2\/posts\/7307","targetHints":{"allow":["GET"]}}],"collection":[{"href":"https:\/\/agora.xtec.cat\/ceip-agsantandreu\/wp-json\/wp\/v2\/posts"}],"about":[{"href":"https:\/\/agora.xtec.cat\/ceip-agsantandreu\/wp-json\/wp\/v2\/types\/post"}],"author":[{"embeddable":true,"href":"https:\/\/agora.xtec.cat\/ceip-agsantandreu\/wp-json\/wp\/v2\/users\/6"}],"replies":[{"embeddable":true,"href":"https:\/\/agora.xtec.cat\/ceip-agsantandreu\/wp-json\/wp\/v2\/comments?post=7307"}],"version-history":[{"count":3,"href":"https:\/\/agora.xtec.cat\/ceip-agsantandreu\/wp-json\/wp\/v2\/posts\/7307\/revisions"}],"predecessor-version":[{"id":7312,"href":"https:\/\/agora.xtec.cat\/ceip-agsantandreu\/wp-json\/wp\/v2\/posts\/7307\/revisions\/7312"}],"wp:featuredmedia":[{"embeddable":true,"href":"https:\/\/agora.xtec.cat\/ceip-agsantandreu\/wp-json\/wp\/v2\/media\/7308"}],"wp:attachment":[{"href":"https:\/\/agora.xtec.cat\/ceip-agsantandreu\/wp-json\/wp\/v2\/media?parent=7307"}],"wp:term":[{"taxonomy":"category","embeddable":true,"href":"https:\/\/agora.xtec.cat\/ceip-agsantandreu\/wp-json\/wp\/v2\/categories?post=7307"},{"taxonomy":"post_tag","embeddable":true,"href":"https:\/\/agora.xtec.cat\/ceip-agsantandreu\/wp-json\/wp\/v2\/tags?post=7307"}],"curies":[{"name":"wp","href":"https:\/\/api.w.org\/{rel}","templated":true}]}}