{"id":7282,"date":"2023-03-29T12:58:17","date_gmt":"2023-03-29T10:58:17","guid":{"rendered":"https:\/\/agora.xtec.cat\/ceip-agsantandreu\/?p=7282"},"modified":"2023-03-29T12:58:17","modified_gmt":"2023-03-29T10:58:17","slug":"credits-gimnastica-artistica-3r","status":"publish","type":"post","link":"https:\/\/agora.xtec.cat\/ceip-agsantandreu\/general\/credits-gimnastica-artistica-3r\/","title":{"rendered":"Cr\u00e8dits Gimn\u00e0stica Art\u00edstica 3r"},"content":{"rendered":"<p>Durant aquest trimestre a Educaci\u00f3 F\u00edsica hem realitzat unes sessions de Gimn\u00e0stica Art\u00edstica amb el club local, l&#8217;\u00faltima sessi\u00f3 ens han convidat a veure el gimn\u00e0s del seu club!<\/p>\n<p>Donar les gr\u00e0cies a la Nerea i la Claudia, les entrenadores del club de gimn\u00e0stica de Sant Andreu de la Barca amb qui hem apr\u00e8s i ens hem divertit molt!<\/p>\n<p><a href=\"https:\/\/photos.app.goo.gl\/dfJg1SKKh9pyBgEq6\">FOTOS<\/a><\/p>\n<p><a href=\"https:\/\/agora.xtec.cat\/ceip-agsantandreu\/wp-content\/uploads\/usu37\/2023\/03\/portada-2.png\"><img loading=\"lazy\" decoding=\"async\" class=\"aligncenter size-medium wp-image-7283\" src=\"https:\/\/agora.xtec.cat\/ceip-agsantandreu\/wp-content\/uploads\/usu37\/2023\/03\/portada-2-300x225.png\" alt=\"\" width=\"300\" height=\"225\" srcset=\"https:\/\/agora.xtec.cat\/ceip-agsantandreu\/wp-content\/uploads\/usu37\/2023\/03\/portada-2-300x225.png 300w, https:\/\/agora.xtec.cat\/ceip-agsantandreu\/wp-content\/uploads\/usu37\/2023\/03\/portada-2-768x576.png 768w, https:\/\/agora.xtec.cat\/ceip-agsantandreu\/wp-content\/uploads\/usu37\/2023\/03\/portada-2-200x150.png 200w, https:\/\/agora.xtec.cat\/ceip-agsantandreu\/wp-content\/uploads\/usu37\/2023\/03\/portada-2.png 1024w\" sizes=\"auto, (max-width: 300px) 100vw, 300px\" \/><\/a><\/p>\n<p>&nbsp;<\/p>\n","protected":false},"excerpt":{"rendered":"<p>Durant aquest trimestre a Educaci\u00f3 F\u00edsica hem realitzat unes sessions de Gimn\u00e0stica Art\u00edstica amb el club local, l&#8217;\u00faltima sessi\u00f3 ens han convidat a veure el gimn\u00e0s del seu club!<br \/>\nDonar les gr\u00e0cies a la Nerea i la Claudia, les entrenadores del club de gimn\u00e0stica de Sant&hellip;  <a href=\"https:\/\/agora.xtec.cat\/ceip-agsantandreu\/general\/credits-gimnastica-artistica-3r\/\" title=\"Read Cr\u00e8dits Gimn\u00e0stica Art\u00edstica 3r\">Llegeix m\u00e9s\u00bb<\/a><\/p>\n","protected":false},"author":3,"featured_media":7283,"comment_status":"open","ping_status":"closed","sticky":false,"template":"","format":"standard","meta":{"_bbp_topic_count":0,"_bbp_reply_count":0,"_bbp_total_topic_count":0,"_bbp_total_reply_count":0,"_bbp_voice_count":0,"_bbp_anonymous_reply_count":0,"_bbp_topic_count_hidden":0,"_bbp_reply_count_hidden":0,"_bbp_forum_subforum_count":0,"footnotes":""},"categories":[58,1,4],"tags":[],"class_list":["post-7282","post","type-post","status-publish","format-standard","has-post-thumbnail","hentry","category-mitjans-mitjans","category-general","category-portada"],"post_mailing_queue_ids":[],"_links":{"self":[{"href":"https:\/\/agora.xtec.cat\/ceip-agsantandreu\/wp-json\/wp\/v2\/posts\/7282","targetHints":{"allow":["GET"]}}],"collection":[{"href":"https:\/\/agora.xtec.cat\/ceip-agsantandreu\/wp-json\/wp\/v2\/posts"}],"about":[{"href":"https:\/\/agora.xtec.cat\/ceip-agsantandreu\/wp-json\/wp\/v2\/types\/post"}],"author":[{"embeddable":true,"href":"https:\/\/agora.xtec.cat\/ceip-agsantandreu\/wp-json\/wp\/v2\/users\/3"}],"replies":[{"embeddable":true,"href":"https:\/\/agora.xtec.cat\/ceip-agsantandreu\/wp-json\/wp\/v2\/comments?post=7282"}],"version-history":[{"count":1,"href":"https:\/\/agora.xtec.cat\/ceip-agsantandreu\/wp-json\/wp\/v2\/posts\/7282\/revisions"}],"predecessor-version":[{"id":7284,"href":"https:\/\/agora.xtec.cat\/ceip-agsantandreu\/wp-json\/wp\/v2\/posts\/7282\/revisions\/7284"}],"wp:featuredmedia":[{"embeddable":true,"href":"https:\/\/agora.xtec.cat\/ceip-agsantandreu\/wp-json\/wp\/v2\/media\/7283"}],"wp:attachment":[{"href":"https:\/\/agora.xtec.cat\/ceip-agsantandreu\/wp-json\/wp\/v2\/media?parent=7282"}],"wp:term":[{"taxonomy":"category","embeddable":true,"href":"https:\/\/agora.xtec.cat\/ceip-agsantandreu\/wp-json\/wp\/v2\/categories?post=7282"},{"taxonomy":"post_tag","embeddable":true,"href":"https:\/\/agora.xtec.cat\/ceip-agsantandreu\/wp-json\/wp\/v2\/tags?post=7282"}],"curies":[{"name":"wp","href":"https:\/\/api.w.org\/{rel}","templated":true}]}}