{"id":7273,"date":"2023-03-28T13:59:51","date_gmt":"2023-03-28T11:59:51","guid":{"rendered":"https:\/\/agora.xtec.cat\/ceip-agsantandreu\/?p=7273"},"modified":"2023-03-28T13:59:51","modified_gmt":"2023-03-28T11:59:51","slug":"cantata-patuflash-2","status":"publish","type":"post","link":"https:\/\/agora.xtec.cat\/ceip-agsantandreu\/general\/cantata-patuflash-2\/","title":{"rendered":"CANTATA PATUFLASH!"},"content":{"rendered":"<p>Aquest passat dissabte l&#8217;alumnat de 2n va participar a la Cantata organitzada per l&#8217;Escola de M\u00fasica i Dansa de Sant Andreu de la Barca.<\/p>\n<p>L&#8217;espectacle va ser fabul\u00f3s i ens ho vam passar d&#8217;all\u00f2 m\u00e9s b\u00e9.<\/p>\n<p>Agrair a tots els alumnes participants la seva dedicaci\u00f3, a les seves fam\u00edlies per assistir, a les entitats organitzadores i molt especialment a les mestres de 2n i com no podria ser d&#8217;altra manera, a la nostre mestre de M\u00fasica!<\/p>\n<p>Un fort aplaudiment per totes aquestes persones que ho han fet possible!<\/p>\n<p><a href=\"https:\/\/photos.app.goo.gl\/w1JeR4Cd14EjWkzb6\" target=\"_blank\" rel=\"noopener\">Clica per veure totes les fotografies!<\/a><\/p>\n<p><a href=\"https:\/\/photos.app.goo.gl\/w1JeR4Cd14EjWkzb6\" target=\"_blank\" rel=\"noopener\"><img loading=\"lazy\" decoding=\"async\" class=\"aligncenter wp-image-7274 size-full\" src=\"https:\/\/agora.xtec.cat\/ceip-agsantandreu\/wp-content\/uploads\/usu37\/2023\/03\/BETA_DISC_R_11399-200.jpg\" alt=\"\" width=\"840\" height=\"560\" srcset=\"https:\/\/agora.xtec.cat\/ceip-agsantandreu\/wp-content\/uploads\/usu37\/2023\/03\/BETA_DISC_R_11399-200.jpg 840w, https:\/\/agora.xtec.cat\/ceip-agsantandreu\/wp-content\/uploads\/usu37\/2023\/03\/BETA_DISC_R_11399-200-300x200.jpg 300w, https:\/\/agora.xtec.cat\/ceip-agsantandreu\/wp-content\/uploads\/usu37\/2023\/03\/BETA_DISC_R_11399-200-768x512.jpg 768w\" sizes=\"auto, (max-width: 840px) 100vw, 840px\" \/><\/a><\/p>\n","protected":false},"excerpt":{"rendered":"<p>Aquest passat dissabte l&#8217;alumnat de 2n va participar a la Cantata organitzada per l&#8217;Escola de M\u00fasica i Dansa de Sant Andreu de la Barca.<br \/>\nL&#8217;espectacle va ser fabul\u00f3s i ens ho vam passar d&#8217;all\u00f2 m\u00e9s b\u00e9.<br \/>\nAgrair a tots els alumnes participants la seva dedicaci\u00f3, a les&hellip;  <a href=\"https:\/\/agora.xtec.cat\/ceip-agsantandreu\/general\/cantata-patuflash-2\/\" title=\"Read CANTATA PATUFLASH!\">Llegeix m\u00e9s\u00bb<\/a><\/p>\n","protected":false},"author":1,"featured_media":0,"comment_status":"closed","ping_status":"closed","sticky":false,"template":"","format":"standard","meta":{"_bbp_topic_count":0,"_bbp_reply_count":0,"_bbp_total_topic_count":0,"_bbp_total_reply_count":0,"_bbp_voice_count":0,"_bbp_anonymous_reply_count":0,"_bbp_topic_count_hidden":0,"_bbp_reply_count_hidden":0,"_bbp_forum_subforum_count":0,"footnotes":""},"categories":[5,1,4],"tags":[],"class_list":["post-7273","post","type-post","status-publish","format-standard","hentry","category-mitjans","category-general","category-portada"],"post_mailing_queue_ids":[],"_links":{"self":[{"href":"https:\/\/agora.xtec.cat\/ceip-agsantandreu\/wp-json\/wp\/v2\/posts\/7273","targetHints":{"allow":["GET"]}}],"collection":[{"href":"https:\/\/agora.xtec.cat\/ceip-agsantandreu\/wp-json\/wp\/v2\/posts"}],"about":[{"href":"https:\/\/agora.xtec.cat\/ceip-agsantandreu\/wp-json\/wp\/v2\/types\/post"}],"author":[{"embeddable":true,"href":"https:\/\/agora.xtec.cat\/ceip-agsantandreu\/wp-json\/wp\/v2\/users\/1"}],"replies":[{"embeddable":true,"href":"https:\/\/agora.xtec.cat\/ceip-agsantandreu\/wp-json\/wp\/v2\/comments?post=7273"}],"version-history":[{"count":1,"href":"https:\/\/agora.xtec.cat\/ceip-agsantandreu\/wp-json\/wp\/v2\/posts\/7273\/revisions"}],"predecessor-version":[{"id":7275,"href":"https:\/\/agora.xtec.cat\/ceip-agsantandreu\/wp-json\/wp\/v2\/posts\/7273\/revisions\/7275"}],"wp:attachment":[{"href":"https:\/\/agora.xtec.cat\/ceip-agsantandreu\/wp-json\/wp\/v2\/media?parent=7273"}],"wp:term":[{"taxonomy":"category","embeddable":true,"href":"https:\/\/agora.xtec.cat\/ceip-agsantandreu\/wp-json\/wp\/v2\/categories?post=7273"},{"taxonomy":"post_tag","embeddable":true,"href":"https:\/\/agora.xtec.cat\/ceip-agsantandreu\/wp-json\/wp\/v2\/tags?post=7273"}],"curies":[{"name":"wp","href":"https:\/\/api.w.org\/{rel}","templated":true}]}}