{"id":7251,"date":"2023-03-24T12:45:05","date_gmt":"2023-03-24T11:45:05","guid":{"rendered":"https:\/\/agora.xtec.cat\/ceip-agsantandreu\/?p=7251"},"modified":"2023-03-28T14:06:14","modified_gmt":"2023-03-28T12:06:14","slug":"sortida-i3-can-rigol","status":"publish","type":"post","link":"https:\/\/agora.xtec.cat\/ceip-agsantandreu\/general\/sortida-i3-can-rigol\/","title":{"rendered":"Sortida I3 &#8211; Can Rigol"},"content":{"rendered":"<p>Hola Fam\u00edlies d\u2019I3!<\/p>\n<p>El passat dilluns vam fer la nostra primera sortida i va estar una experi\u00e8ncia molt divertida. A Can Rigol (Begues) vam poder visitar i aprendre coses de l\u2019hort, i fins i tot ens van deixar plantar enciams. Vam poder tenir l\u2019oportunitat\u00a0 plantar en un test una mongeta que estem cuidant a la\u00a0 classe per tal de poder anar observant com va creixent. A m\u00e9s a m\u00e9s, ens van deixar veure molts animals de granja, gaudir d\u2019una estona d\u2019esbarjo en un ambient molt natural. Tamb\u00e9, ens va agradar molt poder compartir l\u2019estona de l\u2019esmorzar i dinar amb els nostres companys i companyes en aquelles taules de fusta tipus \u201cp\u00edcnic\u201d.<\/p>\n<p>Quin dia tan especial!!!<\/p>\n<p>Ah! i se\u2019ns oblidava dir que de tan que ens vam moure i vam gaudir dels nostre dia, que quan portaven una estona de viatge de tornada a l\u2019autocar ens vam adormir d\u2019una manera ben profunda, aix\u00f2 s\u00ed&#8230; plens de noves i enriquidores experi\u00e8ncies!<\/p>\n<p style=\"text-align: center;\"><a href=\"https:\/\/agora.xtec.cat\/ceip-agsantandreu\/wp-content\/uploads\/usu37\/2023\/03\/IMG-20230323-WA0078.jpg\"><img loading=\"lazy\" decoding=\"async\" class=\"aligncenter wp-image-7254\" src=\"https:\/\/agora.xtec.cat\/ceip-agsantandreu\/wp-content\/uploads\/usu37\/2023\/03\/IMG-20230323-WA0078-300x207.jpg\" alt=\"\" width=\"452\" height=\"312\" srcset=\"https:\/\/agora.xtec.cat\/ceip-agsantandreu\/wp-content\/uploads\/usu37\/2023\/03\/IMG-20230323-WA0078-300x207.jpg 300w, https:\/\/agora.xtec.cat\/ceip-agsantandreu\/wp-content\/uploads\/usu37\/2023\/03\/IMG-20230323-WA0078-1024x706.jpg 1024w, https:\/\/agora.xtec.cat\/ceip-agsantandreu\/wp-content\/uploads\/usu37\/2023\/03\/IMG-20230323-WA0078-768x530.jpg 768w, https:\/\/agora.xtec.cat\/ceip-agsantandreu\/wp-content\/uploads\/usu37\/2023\/03\/IMG-20230323-WA0078-1536x1059.jpg 1536w, https:\/\/agora.xtec.cat\/ceip-agsantandreu\/wp-content\/uploads\/usu37\/2023\/03\/IMG-20230323-WA0078.jpg 1760w\" sizes=\"auto, (max-width: 452px) 100vw, 452px\" \/><\/a><a href=\"https:\/\/photos.app.goo.gl\/BmcaXpZHb29NgcKV6\">Fotografies<\/a><\/p>\n","protected":false},"excerpt":{"rendered":"<p>Hola Fam\u00edlies d\u2019I3!<br \/>\nEl passat dilluns vam fer la nostra primera sortida i va estar una experi\u00e8ncia molt divertida. A Can Rigol (Begues) vam poder visitar i aprendre coses de l\u2019hort, i fins i tot ens van deixar plantar enciams. Vam poder tenir l\u2019oportunitat\u00a0 plantar en&hellip;  <a href=\"https:\/\/agora.xtec.cat\/ceip-agsantandreu\/general\/sortida-i3-can-rigol\/\" title=\"Read Sortida I3 &#8211; Can Rigol\">Llegeix m\u00e9s\u00bb<\/a><\/p>\n","protected":false},"author":3,"featured_media":0,"comment_status":"closed","ping_status":"closed","sticky":false,"template":"","format":"standard","meta":{"_bbp_topic_count":0,"_bbp_reply_count":0,"_bbp_total_topic_count":0,"_bbp_total_reply_count":0,"_bbp_voice_count":0,"_bbp_anonymous_reply_count":0,"_bbp_topic_count_hidden":0,"_bbp_reply_count_hidden":0,"_bbp_forum_subforum_count":0,"footnotes":""},"categories":[2,1,4],"tags":[],"class_list":["post-7251","post","type-post","status-publish","format-standard","hentry","category-petits","category-general","category-portada"],"post_mailing_queue_ids":[],"_links":{"self":[{"href":"https:\/\/agora.xtec.cat\/ceip-agsantandreu\/wp-json\/wp\/v2\/posts\/7251","targetHints":{"allow":["GET"]}}],"collection":[{"href":"https:\/\/agora.xtec.cat\/ceip-agsantandreu\/wp-json\/wp\/v2\/posts"}],"about":[{"href":"https:\/\/agora.xtec.cat\/ceip-agsantandreu\/wp-json\/wp\/v2\/types\/post"}],"author":[{"embeddable":true,"href":"https:\/\/agora.xtec.cat\/ceip-agsantandreu\/wp-json\/wp\/v2\/users\/3"}],"replies":[{"embeddable":true,"href":"https:\/\/agora.xtec.cat\/ceip-agsantandreu\/wp-json\/wp\/v2\/comments?post=7251"}],"version-history":[{"count":3,"href":"https:\/\/agora.xtec.cat\/ceip-agsantandreu\/wp-json\/wp\/v2\/posts\/7251\/revisions"}],"predecessor-version":[{"id":7276,"href":"https:\/\/agora.xtec.cat\/ceip-agsantandreu\/wp-json\/wp\/v2\/posts\/7251\/revisions\/7276"}],"wp:attachment":[{"href":"https:\/\/agora.xtec.cat\/ceip-agsantandreu\/wp-json\/wp\/v2\/media?parent=7251"}],"wp:term":[{"taxonomy":"category","embeddable":true,"href":"https:\/\/agora.xtec.cat\/ceip-agsantandreu\/wp-json\/wp\/v2\/categories?post=7251"},{"taxonomy":"post_tag","embeddable":true,"href":"https:\/\/agora.xtec.cat\/ceip-agsantandreu\/wp-json\/wp\/v2\/tags?post=7251"}],"curies":[{"name":"wp","href":"https:\/\/api.w.org\/{rel}","templated":true}]}}