{"id":7244,"date":"2023-03-17T17:27:55","date_gmt":"2023-03-17T16:27:55","guid":{"rendered":"https:\/\/agora.xtec.cat\/ceip-agsantandreu\/?p=7244"},"modified":"2023-03-23T12:23:21","modified_gmt":"2023-03-23T11:23:21","slug":"poble-espanyol-2n","status":"publish","type":"post","link":"https:\/\/agora.xtec.cat\/ceip-agsantandreu\/general\/poble-espanyol-2n\/","title":{"rendered":"Poble Espanyol 2n"},"content":{"rendered":"<p>Les nenes i els nens de 2n hem visitat avui el Poble Espanyol a Barcelona. Com que a Coneixement del medi Social hem estat estudiant els oficis, aquesta visita ens ha ajudat a con\u00e8ixer alguns dels oficis m\u00e9s tradicionals que encara es fan com el de terrissaire, vidrier, cisteller&#8230;Nosaltres hem fet ,concretament, un taller relacionat amb la cer\u00e0mica i hem visitat a una terrissaire que ens ha explicat coses molt interessants sobre el seu ofici\u00a0 i tamb\u00e9 ens ha fet una demostraci\u00f3. Hem pogut gaudir tamb\u00e9 del Poble Espanyol voltant pels seus carrers i els seus parcs. Ha estat un dia genial!!<\/p>\n<p>&nbsp;<\/p>\n<p><a href=\"https:\/\/photos.app.goo.gl\/ZbBPan1wWG8KWCXT8\" target=\"_blank\" rel=\"noopener\"><img loading=\"lazy\" decoding=\"async\" class=\"aligncenter size-medium wp-image-7247\" src=\"https:\/\/agora.xtec.cat\/ceip-agsantandreu\/wp-content\/uploads\/usu37\/2023\/03\/Sin-titulo-1-300x227.png\" alt=\"\" width=\"300\" height=\"227\" srcset=\"https:\/\/agora.xtec.cat\/ceip-agsantandreu\/wp-content\/uploads\/usu37\/2023\/03\/Sin-titulo-1-300x227.png 300w, https:\/\/agora.xtec.cat\/ceip-agsantandreu\/wp-content\/uploads\/usu37\/2023\/03\/Sin-titulo-1-768x582.png 768w, https:\/\/agora.xtec.cat\/ceip-agsantandreu\/wp-content\/uploads\/usu37\/2023\/03\/Sin-titulo-1-200x150.png 200w, https:\/\/agora.xtec.cat\/ceip-agsantandreu\/wp-content\/uploads\/usu37\/2023\/03\/Sin-titulo-1.png 1016w\" sizes=\"auto, (max-width: 300px) 100vw, 300px\" \/><\/a><\/p>\n<p style=\"text-align: center\"><a href=\"https:\/\/photos.app.goo.gl\/ZbBPan1wWG8KWCXT8\" target=\"_blank\" rel=\"noopener\">FOTOGRAFIES<\/a><\/p>\n","protected":false},"excerpt":{"rendered":"<p>Les nenes i els nens de 2n hem visitat avui el Poble Espanyol a Barcelona. Com que a Coneixement del medi Social hem estat estudiant els oficis, aquesta visita ens ha ajudat a con\u00e8ixer alguns dels oficis m\u00e9s tradicionals que encara es fan com el&hellip;  <a href=\"https:\/\/agora.xtec.cat\/ceip-agsantandreu\/general\/poble-espanyol-2n\/\" title=\"Read Poble Espanyol 2n\">Llegeix m\u00e9s\u00bb<\/a><\/p>\n","protected":false},"author":3,"featured_media":0,"comment_status":"closed","ping_status":"closed","sticky":false,"template":"","format":"standard","meta":{"_bbp_topic_count":0,"_bbp_reply_count":0,"_bbp_total_topic_count":0,"_bbp_total_reply_count":0,"_bbp_voice_count":0,"_bbp_anonymous_reply_count":0,"_bbp_topic_count_hidden":0,"_bbp_reply_count_hidden":0,"_bbp_forum_subforum_count":0,"footnotes":""},"categories":[5,1,4],"tags":[],"class_list":["post-7244","post","type-post","status-publish","format-standard","hentry","category-mitjans","category-general","category-portada"],"post_mailing_queue_ids":[],"_links":{"self":[{"href":"https:\/\/agora.xtec.cat\/ceip-agsantandreu\/wp-json\/wp\/v2\/posts\/7244","targetHints":{"allow":["GET"]}}],"collection":[{"href":"https:\/\/agora.xtec.cat\/ceip-agsantandreu\/wp-json\/wp\/v2\/posts"}],"about":[{"href":"https:\/\/agora.xtec.cat\/ceip-agsantandreu\/wp-json\/wp\/v2\/types\/post"}],"author":[{"embeddable":true,"href":"https:\/\/agora.xtec.cat\/ceip-agsantandreu\/wp-json\/wp\/v2\/users\/3"}],"replies":[{"embeddable":true,"href":"https:\/\/agora.xtec.cat\/ceip-agsantandreu\/wp-json\/wp\/v2\/comments?post=7244"}],"version-history":[{"count":3,"href":"https:\/\/agora.xtec.cat\/ceip-agsantandreu\/wp-json\/wp\/v2\/posts\/7244\/revisions"}],"predecessor-version":[{"id":7250,"href":"https:\/\/agora.xtec.cat\/ceip-agsantandreu\/wp-json\/wp\/v2\/posts\/7244\/revisions\/7250"}],"wp:attachment":[{"href":"https:\/\/agora.xtec.cat\/ceip-agsantandreu\/wp-json\/wp\/v2\/media?parent=7244"}],"wp:term":[{"taxonomy":"category","embeddable":true,"href":"https:\/\/agora.xtec.cat\/ceip-agsantandreu\/wp-json\/wp\/v2\/categories?post=7244"},{"taxonomy":"post_tag","embeddable":true,"href":"https:\/\/agora.xtec.cat\/ceip-agsantandreu\/wp-json\/wp\/v2\/tags?post=7244"}],"curies":[{"name":"wp","href":"https:\/\/api.w.org\/{rel}","templated":true}]}}