{"id":7224,"date":"2023-03-10T12:50:50","date_gmt":"2023-03-10T11:50:50","guid":{"rendered":"https:\/\/agora.xtec.cat\/ceip-agsantandreu\/?p=7224"},"modified":"2023-03-10T12:51:14","modified_gmt":"2023-03-10T11:51:14","slug":"mines-de-gava-4rt","status":"publish","type":"post","link":"https:\/\/agora.xtec.cat\/ceip-agsantandreu\/general\/mines-de-gava-4rt\/","title":{"rendered":"Mines de Gav\u00e0 4rt"},"content":{"rendered":"<p>Aquest dijous hem pogut descobrir el nostre passat prehist\u00f2ric fent una excursi\u00f3 a les mines de Gav\u00e0. Observant les restes arqueol\u00f2giques i els minerals, elaborant penjolls de pedra, explorant les coves&#8230; ho hem passat d&#8217;all\u00f2 m\u00e9s b\u00e9!<\/p>\n<p><a href=\"https:\/\/photos.app.goo.gl\/9JRZk84RdK4GCRCcA\">FOTOS<\/a><\/p>\n<p><a href=\"https:\/\/agora.xtec.cat\/ceip-agsantandreu\/wp-content\/uploads\/usu37\/2023\/03\/2cb9276f-d44d-479f-9daa-ee72644edda6.jpg\"><img loading=\"lazy\" decoding=\"async\" class=\"aligncenter size-medium wp-image-7225\" src=\"https:\/\/agora.xtec.cat\/ceip-agsantandreu\/wp-content\/uploads\/usu37\/2023\/03\/2cb9276f-d44d-479f-9daa-ee72644edda6-225x300.jpg\" alt=\"\" width=\"225\" height=\"300\" srcset=\"https:\/\/agora.xtec.cat\/ceip-agsantandreu\/wp-content\/uploads\/usu37\/2023\/03\/2cb9276f-d44d-479f-9daa-ee72644edda6-225x300.jpg 225w, https:\/\/agora.xtec.cat\/ceip-agsantandreu\/wp-content\/uploads\/usu37\/2023\/03\/2cb9276f-d44d-479f-9daa-ee72644edda6-768x1024.jpg 768w, https:\/\/agora.xtec.cat\/ceip-agsantandreu\/wp-content\/uploads\/usu37\/2023\/03\/2cb9276f-d44d-479f-9daa-ee72644edda6-1152x1536.jpg 1152w, https:\/\/agora.xtec.cat\/ceip-agsantandreu\/wp-content\/uploads\/usu37\/2023\/03\/2cb9276f-d44d-479f-9daa-ee72644edda6.jpg 1536w\" sizes=\"auto, (max-width: 225px) 100vw, 225px\" \/><\/a><\/p>\n","protected":false},"excerpt":{"rendered":"<p>Aquest dijous hem pogut descobrir el nostre passat prehist\u00f2ric fent una excursi\u00f3 a les mines de Gav\u00e0. Observant les restes arqueol\u00f2giques i els minerals, elaborant penjolls de pedra, explorant les coves&#8230; ho hem passat d&#8217;all\u00f2 m\u00e9s b\u00e9!<br \/>\n<a href=\"https:\/\/photos.app.goo.gl\/9JRZk84RdK4GCRCcA\">FOTOS<\/a><br \/>\n<a href=\"https:\/\/agora.xtec.cat\/ceip-agsantandreu\/wp-content\/uploads\/usu37\/2023\/03\/2cb9276f-d44d-479f-9daa-ee72644edda6.jpg\"><\/a><\/p>\n","protected":false},"author":3,"featured_media":7225,"comment_status":"open","ping_status":"closed","sticky":false,"template":"","format":"standard","meta":{"_bbp_topic_count":0,"_bbp_reply_count":0,"_bbp_total_topic_count":0,"_bbp_total_reply_count":0,"_bbp_voice_count":0,"_bbp_anonymous_reply_count":0,"_bbp_topic_count_hidden":0,"_bbp_reply_count_hidden":0,"_bbp_forum_subforum_count":0,"footnotes":""},"categories":[58,1,4],"tags":[],"class_list":["post-7224","post","type-post","status-publish","format-standard","has-post-thumbnail","hentry","category-mitjans-mitjans","category-general","category-portada"],"post_mailing_queue_ids":[],"_links":{"self":[{"href":"https:\/\/agora.xtec.cat\/ceip-agsantandreu\/wp-json\/wp\/v2\/posts\/7224","targetHints":{"allow":["GET"]}}],"collection":[{"href":"https:\/\/agora.xtec.cat\/ceip-agsantandreu\/wp-json\/wp\/v2\/posts"}],"about":[{"href":"https:\/\/agora.xtec.cat\/ceip-agsantandreu\/wp-json\/wp\/v2\/types\/post"}],"author":[{"embeddable":true,"href":"https:\/\/agora.xtec.cat\/ceip-agsantandreu\/wp-json\/wp\/v2\/users\/3"}],"replies":[{"embeddable":true,"href":"https:\/\/agora.xtec.cat\/ceip-agsantandreu\/wp-json\/wp\/v2\/comments?post=7224"}],"version-history":[{"count":1,"href":"https:\/\/agora.xtec.cat\/ceip-agsantandreu\/wp-json\/wp\/v2\/posts\/7224\/revisions"}],"predecessor-version":[{"id":7226,"href":"https:\/\/agora.xtec.cat\/ceip-agsantandreu\/wp-json\/wp\/v2\/posts\/7224\/revisions\/7226"}],"wp:featuredmedia":[{"embeddable":true,"href":"https:\/\/agora.xtec.cat\/ceip-agsantandreu\/wp-json\/wp\/v2\/media\/7225"}],"wp:attachment":[{"href":"https:\/\/agora.xtec.cat\/ceip-agsantandreu\/wp-json\/wp\/v2\/media?parent=7224"}],"wp:term":[{"taxonomy":"category","embeddable":true,"href":"https:\/\/agora.xtec.cat\/ceip-agsantandreu\/wp-json\/wp\/v2\/categories?post=7224"},{"taxonomy":"post_tag","embeddable":true,"href":"https:\/\/agora.xtec.cat\/ceip-agsantandreu\/wp-json\/wp\/v2\/tags?post=7224"}],"curies":[{"name":"wp","href":"https:\/\/api.w.org\/{rel}","templated":true}]}}