{"id":7211,"date":"2023-03-02T11:21:40","date_gmt":"2023-03-02T10:21:40","guid":{"rendered":"https:\/\/agora.xtec.cat\/ceip-agsantandreu\/?p=7211"},"modified":"2023-03-02T11:28:02","modified_gmt":"2023-03-02T10:28:02","slug":"consignes-de-carnestoltes-3r","status":"publish","type":"post","link":"https:\/\/agora.xtec.cat\/ceip-agsantandreu\/general\/consignes-de-carnestoltes-3r\/","title":{"rendered":"Consignes de Carnestoltes 3r"},"content":{"rendered":"<p><a href=\"https:\/\/agora.xtec.cat\/ceip-agsantandreu\/wp-content\/uploads\/usu37\/2023\/03\/23d9abbd-070f-41b5-8b2f-86eafaec5f6d-Copiar.jpg\"><img loading=\"lazy\" decoding=\"async\" class=\"aligncenter size-medium wp-image-7215\" src=\"https:\/\/agora.xtec.cat\/ceip-agsantandreu\/wp-content\/uploads\/usu37\/2023\/03\/23d9abbd-070f-41b5-8b2f-86eafaec5f6d-Copiar-300x225.jpg\" alt=\"\" width=\"300\" height=\"225\" srcset=\"https:\/\/agora.xtec.cat\/ceip-agsantandreu\/wp-content\/uploads\/usu37\/2023\/03\/23d9abbd-070f-41b5-8b2f-86eafaec5f6d-Copiar-300x225.jpg 300w, https:\/\/agora.xtec.cat\/ceip-agsantandreu\/wp-content\/uploads\/usu37\/2023\/03\/23d9abbd-070f-41b5-8b2f-86eafaec5f6d-Copiar-768x576.jpg 768w, https:\/\/agora.xtec.cat\/ceip-agsantandreu\/wp-content\/uploads\/usu37\/2023\/03\/23d9abbd-070f-41b5-8b2f-86eafaec5f6d-Copiar-200x150.jpg 200w, https:\/\/agora.xtec.cat\/ceip-agsantandreu\/wp-content\/uploads\/usu37\/2023\/03\/23d9abbd-070f-41b5-8b2f-86eafaec5f6d-Copiar.jpg 1024w\" sizes=\"auto, (max-width: 300px) 100vw, 300px\" \/><\/a>Aquesta setmana el rei Carnestoltes ens ha ordenat unes consignes i nosaltres les hem complert d\u2019all\u00f2 m\u00e9s b\u00e9!!! Hem gaudit d\u2019una setmana ben divertida!<\/p>\n<p><a href=\"https:\/\/photos.app.goo.gl\/KF8wXr8fttxqpoJR6\">Fotos<\/a><\/p>\n","protected":false},"excerpt":{"rendered":"<p><a href=\"https:\/\/agora.xtec.cat\/ceip-agsantandreu\/wp-content\/uploads\/usu37\/2023\/03\/23d9abbd-070f-41b5-8b2f-86eafaec5f6d-Copiar.jpg\"><\/a>Aquesta setmana el rei Carnestoltes ens ha ordenat unes consignes i nosaltres les hem complert d\u2019all\u00f2 m\u00e9s b\u00e9!!! Hem gaudit d\u2019una setmana ben divertida!<br \/>\n<a href=\"https:\/\/photos.app.goo.gl\/KF8wXr8fttxqpoJR6\">Fotos<\/a><\/p>\n","protected":false},"author":3,"featured_media":0,"comment_status":"open","ping_status":"closed","sticky":false,"template":"","format":"standard","meta":{"_bbp_topic_count":0,"_bbp_reply_count":0,"_bbp_total_topic_count":0,"_bbp_total_reply_count":0,"_bbp_voice_count":0,"_bbp_anonymous_reply_count":0,"_bbp_topic_count_hidden":0,"_bbp_reply_count_hidden":0,"_bbp_forum_subforum_count":0,"footnotes":""},"categories":[1],"tags":[],"class_list":["post-7211","post","type-post","status-publish","format-standard","hentry","category-general"],"post_mailing_queue_ids":[],"_links":{"self":[{"href":"https:\/\/agora.xtec.cat\/ceip-agsantandreu\/wp-json\/wp\/v2\/posts\/7211","targetHints":{"allow":["GET"]}}],"collection":[{"href":"https:\/\/agora.xtec.cat\/ceip-agsantandreu\/wp-json\/wp\/v2\/posts"}],"about":[{"href":"https:\/\/agora.xtec.cat\/ceip-agsantandreu\/wp-json\/wp\/v2\/types\/post"}],"author":[{"embeddable":true,"href":"https:\/\/agora.xtec.cat\/ceip-agsantandreu\/wp-json\/wp\/v2\/users\/3"}],"replies":[{"embeddable":true,"href":"https:\/\/agora.xtec.cat\/ceip-agsantandreu\/wp-json\/wp\/v2\/comments?post=7211"}],"version-history":[{"count":2,"href":"https:\/\/agora.xtec.cat\/ceip-agsantandreu\/wp-json\/wp\/v2\/posts\/7211\/revisions"}],"predecessor-version":[{"id":7216,"href":"https:\/\/agora.xtec.cat\/ceip-agsantandreu\/wp-json\/wp\/v2\/posts\/7211\/revisions\/7216"}],"wp:attachment":[{"href":"https:\/\/agora.xtec.cat\/ceip-agsantandreu\/wp-json\/wp\/v2\/media?parent=7211"}],"wp:term":[{"taxonomy":"category","embeddable":true,"href":"https:\/\/agora.xtec.cat\/ceip-agsantandreu\/wp-json\/wp\/v2\/categories?post=7211"},{"taxonomy":"post_tag","embeddable":true,"href":"https:\/\/agora.xtec.cat\/ceip-agsantandreu\/wp-json\/wp\/v2\/tags?post=7211"}],"curies":[{"name":"wp","href":"https:\/\/api.w.org\/{rel}","templated":true}]}}