{"id":7191,"date":"2023-02-27T11:22:51","date_gmt":"2023-02-27T10:22:51","guid":{"rendered":"https:\/\/agora.xtec.cat\/ceip-agsantandreu\/?p=7191"},"modified":"2023-02-28T12:17:25","modified_gmt":"2023-02-28T11:17:25","slug":"jornades-de-pares-a-segon","status":"publish","type":"post","link":"https:\/\/agora.xtec.cat\/ceip-agsantandreu\/general\/jornades-de-pares-a-segon\/","title":{"rendered":"JORNADES DE PARES A SEGON!"},"content":{"rendered":"<p><img loading=\"lazy\" decoding=\"async\" class=\"aligncenter\" src=\"https:\/\/www.conmishijos.com\/assets\/posts\/7000\/7942-nina-bailando.jpg\" alt=\"Dibujo de ni\u00f1a bailando para colorear con los ni\u00f1os\" width=\"201\" height=\"176\" \/>La setmana passada, els nens i nenes de segon\u00a0\u00a0vam passar uns moments molt bonics acompanyats d&#8217;algunes de les nostres fam\u00edlies.<\/p>\n<p>Dijous vam poder gaudir d&#8217;una tarda de jocs i dansa, va ser molt divertit!\u00a0Divendres vam tenir el privilegi d&#8217;escoltar la m\u00fasica dels germans de la Sabina, va ser preci\u00f3s! Sens dubte, van ser unes jornades culturals relacionades amb la m\u00fasica genials! Us deixem una mostra de fotografies de tot el que vam fer.<\/p>\n<p>&nbsp;<\/p>\n<p>GR\u00c0CIES PER FER-HO POSSIBLE, FAM\u00cdLIES!<\/p>\n<p><a href=\"https:\/\/photos.app.goo.gl\/JSPyuQUadjHndYEB7\">JORNADES AMB FAM\u00cdLIES A 2N<\/a><\/p>\n","protected":false},"excerpt":{"rendered":"<p>La setmana passada, els nens i nenes de segon\u00a0\u00a0vam passar uns moments molt bonics acompanyats d&#8217;algunes de les nostres fam\u00edlies.<br \/>\nDijous vam poder gaudir d&#8217;una tarda de jocs i dansa, va ser molt divertit!\u00a0Divendres vam tenir el privilegi d&#8217;escoltar la m\u00fasica dels germans de la Sabina,&hellip;  <a href=\"https:\/\/agora.xtec.cat\/ceip-agsantandreu\/general\/jornades-de-pares-a-segon\/\" title=\"Read JORNADES DE PARES A SEGON!\">Llegeix m\u00e9s\u00bb<\/a><\/p>\n","protected":false},"author":3,"featured_media":0,"comment_status":"closed","ping_status":"closed","sticky":false,"template":"","format":"standard","meta":{"_bbp_topic_count":0,"_bbp_reply_count":0,"_bbp_total_topic_count":0,"_bbp_total_reply_count":0,"_bbp_voice_count":0,"_bbp_anonymous_reply_count":0,"_bbp_topic_count_hidden":0,"_bbp_reply_count_hidden":0,"_bbp_forum_subforum_count":0,"footnotes":""},"categories":[5,1],"tags":[],"class_list":["post-7191","post","type-post","status-publish","format-standard","hentry","category-mitjans","category-general"],"post_mailing_queue_ids":[],"_links":{"self":[{"href":"https:\/\/agora.xtec.cat\/ceip-agsantandreu\/wp-json\/wp\/v2\/posts\/7191","targetHints":{"allow":["GET"]}}],"collection":[{"href":"https:\/\/agora.xtec.cat\/ceip-agsantandreu\/wp-json\/wp\/v2\/posts"}],"about":[{"href":"https:\/\/agora.xtec.cat\/ceip-agsantandreu\/wp-json\/wp\/v2\/types\/post"}],"author":[{"embeddable":true,"href":"https:\/\/agora.xtec.cat\/ceip-agsantandreu\/wp-json\/wp\/v2\/users\/3"}],"replies":[{"embeddable":true,"href":"https:\/\/agora.xtec.cat\/ceip-agsantandreu\/wp-json\/wp\/v2\/comments?post=7191"}],"version-history":[{"count":3,"href":"https:\/\/agora.xtec.cat\/ceip-agsantandreu\/wp-json\/wp\/v2\/posts\/7191\/revisions"}],"predecessor-version":[{"id":7196,"href":"https:\/\/agora.xtec.cat\/ceip-agsantandreu\/wp-json\/wp\/v2\/posts\/7191\/revisions\/7196"}],"wp:attachment":[{"href":"https:\/\/agora.xtec.cat\/ceip-agsantandreu\/wp-json\/wp\/v2\/media?parent=7191"}],"wp:term":[{"taxonomy":"category","embeddable":true,"href":"https:\/\/agora.xtec.cat\/ceip-agsantandreu\/wp-json\/wp\/v2\/categories?post=7191"},{"taxonomy":"post_tag","embeddable":true,"href":"https:\/\/agora.xtec.cat\/ceip-agsantandreu\/wp-json\/wp\/v2\/tags?post=7191"}],"curies":[{"name":"wp","href":"https:\/\/api.w.org\/{rel}","templated":true}]}}