{"id":7184,"date":"2023-02-27T14:16:44","date_gmt":"2023-02-27T13:16:44","guid":{"rendered":"https:\/\/agora.xtec.cat\/ceip-agsantandreu\/?p=7184"},"modified":"2023-02-27T14:16:44","modified_gmt":"2023-02-27T13:16:44","slug":"i3-activitats-amb-families","status":"publish","type":"post","link":"https:\/\/agora.xtec.cat\/ceip-agsantandreu\/general\/i3-activitats-amb-families\/","title":{"rendered":"I3 &#8211; Activitats amb Fam\u00edlies"},"content":{"rendered":"<p>Dijous 23 i divendres 24 van venir a l&#8217;escola fam\u00edlies de I3 a fer diferents activitats:<\/p>\n<p>ACTIVITATS I3A: Dijous vam fer un taller de Pals de gimn\u00e0stica r\u00edtmica amb la Sandra, la Lucy, la Sheila, el Rub\u00e9n i la J\u00falia. Van quedar genials!\u00a0 Quan vam acabar vam posar m\u00fasica i vam ballar tots junts passant una bona estona. Divendres amb l&#8217;Aida, la Marta i l&#8217;Aina vam fer percussi\u00f3 corporal a partir de diferents can\u00e7ons com Kokoleoko, Aram Sam Sam i despr\u00e9s ens vam aixecar i vam seguir movent el nostre cos i gaudint amb el moviment.<\/p>\n<p>ACTIVITATS I3B: Dijous van venir l&#8217;Armand, la Pepi, la Pili i la Lorena i vam estar a la sala de psicomotricitat gaudint de les diferents propostes que havien pensat per a nosaltres. Ens ho vam passar d&#8217;all\u00f2 m\u00e9s b\u00e9, movent-nos per l&#8217;estan\u00e7a de diferents maneres, posant-nos dins dels cercles quan s&#8217;aturava la m\u00fasica i picant tants cops com peces hi havia. Despr\u00e9s del pati es va afegir l&#8217;Asun i vam fer unes castanyoles molt originals!!!\u00a0 \u00a0Divendres van venir la Paqui, la Zory, l&#8217;Estefi i la Lourdes. Amb elles vam fer unes maraques molt divertides i ben guarnides!!!<\/p>\n<p>Gr\u00e0cies fam\u00edlies pel vostre temps i la vostra participaci\u00f3!<\/p>\n<p><a href=\"https:\/\/agora.xtec.cat\/ceip-agsantandreu\/wp-content\/uploads\/usu37\/2023\/02\/IMG-20230226-WA0064.jpg\"><img loading=\"lazy\" decoding=\"async\" class=\"aligncenter size-medium wp-image-7185\" src=\"https:\/\/agora.xtec.cat\/ceip-agsantandreu\/wp-content\/uploads\/usu37\/2023\/02\/IMG-20230226-WA0064-300x225.jpg\" alt=\"\" width=\"300\" height=\"225\" srcset=\"https:\/\/agora.xtec.cat\/ceip-agsantandreu\/wp-content\/uploads\/usu37\/2023\/02\/IMG-20230226-WA0064-300x225.jpg 300w, https:\/\/agora.xtec.cat\/ceip-agsantandreu\/wp-content\/uploads\/usu37\/2023\/02\/IMG-20230226-WA0064-1024x768.jpg 1024w, https:\/\/agora.xtec.cat\/ceip-agsantandreu\/wp-content\/uploads\/usu37\/2023\/02\/IMG-20230226-WA0064-768x576.jpg 768w, https:\/\/agora.xtec.cat\/ceip-agsantandreu\/wp-content\/uploads\/usu37\/2023\/02\/IMG-20230226-WA0064-1536x1152.jpg 1536w, https:\/\/agora.xtec.cat\/ceip-agsantandreu\/wp-content\/uploads\/usu37\/2023\/02\/IMG-20230226-WA0064-200x150.jpg 200w, https:\/\/agora.xtec.cat\/ceip-agsantandreu\/wp-content\/uploads\/usu37\/2023\/02\/IMG-20230226-WA0064.jpg 2048w\" sizes=\"auto, (max-width: 300px) 100vw, 300px\" \/><\/a><\/p>\n<p style=\"text-align: center\"><a href=\"https:\/\/photos.app.goo.gl\/hsVnDFMfnyLD92Vz6\">Fotografies<\/a><\/p>\n","protected":false},"excerpt":{"rendered":"<p>Dijous 23 i divendres 24 van venir a l&#8217;escola fam\u00edlies de I3 a fer diferents activitats:<br \/>\nACTIVITATS I3A: Dijous vam fer un taller de Pals de gimn\u00e0stica r\u00edtmica amb la Sandra, la Lucy, la Sheila, el Rub\u00e9n i la J\u00falia. Van quedar genials!\u00a0 Quan vam acabar&hellip;  <a href=\"https:\/\/agora.xtec.cat\/ceip-agsantandreu\/general\/i3-activitats-amb-families\/\" title=\"Read I3 &#8211; Activitats amb Fam\u00edlies\">Llegeix m\u00e9s\u00bb<\/a><\/p>\n","protected":false},"author":3,"featured_media":7185,"comment_status":"closed","ping_status":"closed","sticky":false,"template":"","format":"standard","meta":{"_bbp_topic_count":0,"_bbp_reply_count":0,"_bbp_total_topic_count":0,"_bbp_total_reply_count":0,"_bbp_voice_count":0,"_bbp_anonymous_reply_count":0,"_bbp_topic_count_hidden":0,"_bbp_reply_count_hidden":0,"_bbp_forum_subforum_count":0,"footnotes":""},"categories":[2,1,4],"tags":[],"class_list":["post-7184","post","type-post","status-publish","format-standard","has-post-thumbnail","hentry","category-petits","category-general","category-portada"],"post_mailing_queue_ids":[],"_links":{"self":[{"href":"https:\/\/agora.xtec.cat\/ceip-agsantandreu\/wp-json\/wp\/v2\/posts\/7184","targetHints":{"allow":["GET"]}}],"collection":[{"href":"https:\/\/agora.xtec.cat\/ceip-agsantandreu\/wp-json\/wp\/v2\/posts"}],"about":[{"href":"https:\/\/agora.xtec.cat\/ceip-agsantandreu\/wp-json\/wp\/v2\/types\/post"}],"author":[{"embeddable":true,"href":"https:\/\/agora.xtec.cat\/ceip-agsantandreu\/wp-json\/wp\/v2\/users\/3"}],"replies":[{"embeddable":true,"href":"https:\/\/agora.xtec.cat\/ceip-agsantandreu\/wp-json\/wp\/v2\/comments?post=7184"}],"version-history":[{"count":3,"href":"https:\/\/agora.xtec.cat\/ceip-agsantandreu\/wp-json\/wp\/v2\/posts\/7184\/revisions"}],"predecessor-version":[{"id":7204,"href":"https:\/\/agora.xtec.cat\/ceip-agsantandreu\/wp-json\/wp\/v2\/posts\/7184\/revisions\/7204"}],"wp:featuredmedia":[{"embeddable":true,"href":"https:\/\/agora.xtec.cat\/ceip-agsantandreu\/wp-json\/wp\/v2\/media\/7185"}],"wp:attachment":[{"href":"https:\/\/agora.xtec.cat\/ceip-agsantandreu\/wp-json\/wp\/v2\/media?parent=7184"}],"wp:term":[{"taxonomy":"category","embeddable":true,"href":"https:\/\/agora.xtec.cat\/ceip-agsantandreu\/wp-json\/wp\/v2\/categories?post=7184"},{"taxonomy":"post_tag","embeddable":true,"href":"https:\/\/agora.xtec.cat\/ceip-agsantandreu\/wp-json\/wp\/v2\/tags?post=7184"}],"curies":[{"name":"wp","href":"https:\/\/api.w.org\/{rel}","templated":true}]}}