{"id":7181,"date":"2023-02-27T14:05:01","date_gmt":"2023-02-27T13:05:01","guid":{"rendered":"https:\/\/agora.xtec.cat\/ceip-agsantandreu\/?p=7181"},"modified":"2023-02-27T14:05:01","modified_gmt":"2023-02-27T13:05:01","slug":"i4-activitats-amb-families","status":"publish","type":"post","link":"https:\/\/agora.xtec.cat\/ceip-agsantandreu\/general\/i4-activitats-amb-families\/","title":{"rendered":"I4 &#8211; Activitats amb fam\u00edlies"},"content":{"rendered":"<p>Dijous 23 i divendres 24 van venir a l&#8217;escola alguns pares i mares de I4 a fer diferents activitats:<\/p>\n<p>ACTIVITATS I4A: Dijous van venir la Sandra C., l&#8217;Esther i la Sandra P. que ens van ensenyar la coreografia de diferents balls. Divendres va venir la Gloria, la Maite i la S\u00edlvia que ens van ajudar a fer una maraca i una harm\u00f2nica amb diferents materials.<\/p>\n<p>ACTIVITATS I4B: Dijous va venir en Fernando a tocar la guitarra, la band\u00farria i l&#8217;acordi\u00f3. Ens va tocar tamb\u00e9 la can\u00e7\u00f3 de la Masovera i nosaltres vam cantar i ballar. Divendres van venir en Pau amb la bateria i l&#8217;Oscar amb la guitarra, ens van deixar tocar aquests instruments i per acabar vam ballar amb la seva m\u00fasica.<\/p>\n<p>Moltes gr\u00e0cies a totes les fam\u00edlies que han col\u00b7laborat, ens ho em passat super b\u00e9!<\/p>\n<p style=\"text-align: center\"><a href=\"https:\/\/agora.xtec.cat\/ceip-agsantandreu\/wp-content\/uploads\/usu37\/2023\/02\/IMG-20230226-WA0026.jpg\"><img loading=\"lazy\" decoding=\"async\" class=\"aligncenter size-medium wp-image-7182\" src=\"https:\/\/agora.xtec.cat\/ceip-agsantandreu\/wp-content\/uploads\/usu37\/2023\/02\/IMG-20230226-WA0026-300x227.jpg\" alt=\"\" width=\"300\" height=\"227\" srcset=\"https:\/\/agora.xtec.cat\/ceip-agsantandreu\/wp-content\/uploads\/usu37\/2023\/02\/IMG-20230226-WA0026-300x227.jpg 300w, https:\/\/agora.xtec.cat\/ceip-agsantandreu\/wp-content\/uploads\/usu37\/2023\/02\/IMG-20230226-WA0026-768x582.jpg 768w, https:\/\/agora.xtec.cat\/ceip-agsantandreu\/wp-content\/uploads\/usu37\/2023\/02\/IMG-20230226-WA0026-200x150.jpg 200w, https:\/\/agora.xtec.cat\/ceip-agsantandreu\/wp-content\/uploads\/usu37\/2023\/02\/IMG-20230226-WA0026.jpg 1014w\" sizes=\"auto, (max-width: 300px) 100vw, 300px\" \/><\/a><a href=\"https:\/\/photos.app.goo.gl\/fGSHczMfMDBMo6wn7\">Fotografies<\/a><\/p>\n","protected":false},"excerpt":{"rendered":"<p>Dijous 23 i divendres 24 van venir a l&#8217;escola alguns pares i mares de I4 a fer diferents activitats:<br \/>\nACTIVITATS I4A: Dijous van venir la Sandra C., l&#8217;Esther i la Sandra P. que ens van ensenyar la coreografia de diferents balls. Divendres va venir la Gloria,&hellip;  <a href=\"https:\/\/agora.xtec.cat\/ceip-agsantandreu\/general\/i4-activitats-amb-families\/\" title=\"Read I4 &#8211; Activitats amb fam\u00edlies\">Llegeix m\u00e9s\u00bb<\/a><\/p>\n","protected":false},"author":3,"featured_media":7182,"comment_status":"closed","ping_status":"closed","sticky":false,"template":"","format":"standard","meta":{"_bbp_topic_count":0,"_bbp_reply_count":0,"_bbp_total_topic_count":0,"_bbp_total_reply_count":0,"_bbp_voice_count":0,"_bbp_anonymous_reply_count":0,"_bbp_topic_count_hidden":0,"_bbp_reply_count_hidden":0,"_bbp_forum_subforum_count":0,"footnotes":""},"categories":[2,1,4],"tags":[],"class_list":["post-7181","post","type-post","status-publish","format-standard","has-post-thumbnail","hentry","category-petits","category-general","category-portada"],"post_mailing_queue_ids":[],"_links":{"self":[{"href":"https:\/\/agora.xtec.cat\/ceip-agsantandreu\/wp-json\/wp\/v2\/posts\/7181","targetHints":{"allow":["GET"]}}],"collection":[{"href":"https:\/\/agora.xtec.cat\/ceip-agsantandreu\/wp-json\/wp\/v2\/posts"}],"about":[{"href":"https:\/\/agora.xtec.cat\/ceip-agsantandreu\/wp-json\/wp\/v2\/types\/post"}],"author":[{"embeddable":true,"href":"https:\/\/agora.xtec.cat\/ceip-agsantandreu\/wp-json\/wp\/v2\/users\/3"}],"replies":[{"embeddable":true,"href":"https:\/\/agora.xtec.cat\/ceip-agsantandreu\/wp-json\/wp\/v2\/comments?post=7181"}],"version-history":[{"count":3,"href":"https:\/\/agora.xtec.cat\/ceip-agsantandreu\/wp-json\/wp\/v2\/posts\/7181\/revisions"}],"predecessor-version":[{"id":7203,"href":"https:\/\/agora.xtec.cat\/ceip-agsantandreu\/wp-json\/wp\/v2\/posts\/7181\/revisions\/7203"}],"wp:featuredmedia":[{"embeddable":true,"href":"https:\/\/agora.xtec.cat\/ceip-agsantandreu\/wp-json\/wp\/v2\/media\/7182"}],"wp:attachment":[{"href":"https:\/\/agora.xtec.cat\/ceip-agsantandreu\/wp-json\/wp\/v2\/media?parent=7181"}],"wp:term":[{"taxonomy":"category","embeddable":true,"href":"https:\/\/agora.xtec.cat\/ceip-agsantandreu\/wp-json\/wp\/v2\/categories?post=7181"},{"taxonomy":"post_tag","embeddable":true,"href":"https:\/\/agora.xtec.cat\/ceip-agsantandreu\/wp-json\/wp\/v2\/tags?post=7181"}],"curies":[{"name":"wp","href":"https:\/\/api.w.org\/{rel}","templated":true}]}}