{"id":7168,"date":"2023-02-27T14:00:59","date_gmt":"2023-02-27T13:00:59","guid":{"rendered":"https:\/\/agora.xtec.cat\/ceip-agsantandreu\/?p=7168"},"modified":"2023-02-27T14:00:59","modified_gmt":"2023-02-27T13:00:59","slug":"i5-activitats-amb-families","status":"publish","type":"post","link":"https:\/\/agora.xtec.cat\/ceip-agsantandreu\/general\/i5-activitats-amb-families\/","title":{"rendered":"I5 &#8211; Activitats amb fam\u00edlies"},"content":{"rendered":"<p>Dijous 23 i divendres 24 de febrer van venir a l&#8217;escola fam\u00edlies de I5 a fer diferents activitats:<\/p>\n<p>Amb la Minerva vam fer una gravaci\u00f3 de les nostres veus i i vam ballar i gaudir de la seva veu en directe.<\/p>\n<p>L&#8217;Aleix ens ha ensenyat les parts de la guitarra ac\u00fastica, ens ha deixat practicar una mica, ha tocat les can\u00e7ons que li hem demanat i finalment hem fet el joc de les est\u00e0tues amb la seva m\u00fasica.<\/p>\n<p>Amb la Silvia, la Tamara, la Laia, la Jenny i la Yoli vam fer un joc d&#8217;endevinar instruments fent preguntes i un altre amb m\u00fasica i c\u00e8rcols (semblant al joc de les cadires).<\/p>\n<p>Moltes gr\u00e0cies a totes les fam\u00edlies que han col\u00b7laborat, ens hem divertit molt!!<\/p>\n<p><a href=\"https:\/\/agora.xtec.cat\/ceip-agsantandreu\/wp-content\/uploads\/usu37\/2023\/02\/IMG-20230224-WA0004.jpg\"><img loading=\"lazy\" decoding=\"async\" class=\"aligncenter wp-image-7178\" src=\"https:\/\/agora.xtec.cat\/ceip-agsantandreu\/wp-content\/uploads\/usu37\/2023\/02\/IMG-20230224-WA0004-300x225.jpg\" alt=\"\" width=\"391\" height=\"293\" srcset=\"https:\/\/agora.xtec.cat\/ceip-agsantandreu\/wp-content\/uploads\/usu37\/2023\/02\/IMG-20230224-WA0004-300x225.jpg 300w, https:\/\/agora.xtec.cat\/ceip-agsantandreu\/wp-content\/uploads\/usu37\/2023\/02\/IMG-20230224-WA0004-1024x768.jpg 1024w, https:\/\/agora.xtec.cat\/ceip-agsantandreu\/wp-content\/uploads\/usu37\/2023\/02\/IMG-20230224-WA0004-768x576.jpg 768w, https:\/\/agora.xtec.cat\/ceip-agsantandreu\/wp-content\/uploads\/usu37\/2023\/02\/IMG-20230224-WA0004-1536x1152.jpg 1536w, https:\/\/agora.xtec.cat\/ceip-agsantandreu\/wp-content\/uploads\/usu37\/2023\/02\/IMG-20230224-WA0004-200x150.jpg 200w, https:\/\/agora.xtec.cat\/ceip-agsantandreu\/wp-content\/uploads\/usu37\/2023\/02\/IMG-20230224-WA0004.jpg 1600w\" sizes=\"auto, (max-width: 391px) 100vw, 391px\" \/><\/a><\/p>\n<p style=\"text-align: center\"><a href=\"https:\/\/photos.app.goo.gl\/R9krWkVnPUnaLWgT8\">Fotografies<\/a><\/p>\n<p>&nbsp;<\/p>\n","protected":false},"excerpt":{"rendered":"<p>Dijous 23 i divendres 24 de febrer van venir a l&#8217;escola fam\u00edlies de I5 a fer diferents activitats:<br \/>\nAmb la Minerva vam fer una gravaci\u00f3 de les nostres veus i i vam ballar i gaudir de la seva veu en directe.<br \/>\nL&#8217;Aleix ens ha ensenyat les parts&hellip;  <a href=\"https:\/\/agora.xtec.cat\/ceip-agsantandreu\/general\/i5-activitats-amb-families\/\" title=\"Read I5 &#8211; Activitats amb fam\u00edlies\">Llegeix m\u00e9s\u00bb<\/a><\/p>\n","protected":false},"author":3,"featured_media":7178,"comment_status":"closed","ping_status":"closed","sticky":false,"template":"","format":"standard","meta":{"_bbp_topic_count":0,"_bbp_reply_count":0,"_bbp_total_topic_count":0,"_bbp_total_reply_count":0,"_bbp_voice_count":0,"_bbp_anonymous_reply_count":0,"_bbp_topic_count_hidden":0,"_bbp_reply_count_hidden":0,"_bbp_forum_subforum_count":0,"footnotes":""},"categories":[2,1,4],"tags":[],"class_list":["post-7168","post","type-post","status-publish","format-standard","has-post-thumbnail","hentry","category-petits","category-general","category-portada"],"post_mailing_queue_ids":[],"_links":{"self":[{"href":"https:\/\/agora.xtec.cat\/ceip-agsantandreu\/wp-json\/wp\/v2\/posts\/7168","targetHints":{"allow":["GET"]}}],"collection":[{"href":"https:\/\/agora.xtec.cat\/ceip-agsantandreu\/wp-json\/wp\/v2\/posts"}],"about":[{"href":"https:\/\/agora.xtec.cat\/ceip-agsantandreu\/wp-json\/wp\/v2\/types\/post"}],"author":[{"embeddable":true,"href":"https:\/\/agora.xtec.cat\/ceip-agsantandreu\/wp-json\/wp\/v2\/users\/3"}],"replies":[{"embeddable":true,"href":"https:\/\/agora.xtec.cat\/ceip-agsantandreu\/wp-json\/wp\/v2\/comments?post=7168"}],"version-history":[{"count":3,"href":"https:\/\/agora.xtec.cat\/ceip-agsantandreu\/wp-json\/wp\/v2\/posts\/7168\/revisions"}],"predecessor-version":[{"id":7202,"href":"https:\/\/agora.xtec.cat\/ceip-agsantandreu\/wp-json\/wp\/v2\/posts\/7168\/revisions\/7202"}],"wp:featuredmedia":[{"embeddable":true,"href":"https:\/\/agora.xtec.cat\/ceip-agsantandreu\/wp-json\/wp\/v2\/media\/7178"}],"wp:attachment":[{"href":"https:\/\/agora.xtec.cat\/ceip-agsantandreu\/wp-json\/wp\/v2\/media?parent=7168"}],"wp:term":[{"taxonomy":"category","embeddable":true,"href":"https:\/\/agora.xtec.cat\/ceip-agsantandreu\/wp-json\/wp\/v2\/categories?post=7168"},{"taxonomy":"post_tag","embeddable":true,"href":"https:\/\/agora.xtec.cat\/ceip-agsantandreu\/wp-json\/wp\/v2\/tags?post=7168"}],"curies":[{"name":"wp","href":"https:\/\/api.w.org\/{rel}","templated":true}]}}