{"id":7148,"date":"2023-02-17T17:10:08","date_gmt":"2023-02-17T16:10:08","guid":{"rendered":"https:\/\/agora.xtec.cat\/ceip-agsantandreu\/?p=7148"},"modified":"2023-02-17T17:10:08","modified_gmt":"2023-02-17T16:10:08","slug":"carnaval-2023-2","status":"publish","type":"post","link":"https:\/\/agora.xtec.cat\/ceip-agsantandreu\/general\/carnaval-2023-2\/","title":{"rendered":"CARNAVAL 2023"},"content":{"rendered":"<p>QUINA RUA M\u00c9S ESPECTACULAR!<\/p>\n<p>El Sr. Carnestoltes ha quedat ben content i segur que tornar\u00e0 l&#8217;any vinent!<\/p>\n<p>Aqu\u00ed us deixem un munt de fotografies del que ha estat la festa de Carnaval de l&#8217;\u00c0ngel Guimer\u00e0!<\/p>\n<p>Una rua plena de m\u00e0gia i color on els alumnes han gaudit molt.<\/p>\n<p><a href=\"https:\/\/photos.app.goo.gl\/Zje8jBFm2sqytsqX8\" target=\"_blank\" rel=\"noopener\">RUA CARNAVAL 23<\/a><\/p>\n<div style=\"width: 1080px;\" class=\"wp-video\"><!--[if lt IE 9]><script>document.createElement('video');<\/script><![endif]-->\n<video class=\"wp-video-shortcode\" id=\"video-7148-1\" width=\"1080\" height=\"1080\" preload=\"metadata\" controls=\"controls\"><source type=\"video\/mp4\" src=\"https:\/\/agora.xtec.cat\/ceip-agsantandreu\/wp-content\/uploads\/usu37\/2023\/02\/Violet-Animated-Mardi-Gras-Carnaval-Instagram-Post-1.mp4?_=1\" \/><a href=\"https:\/\/agora.xtec.cat\/ceip-agsantandreu\/wp-content\/uploads\/usu37\/2023\/02\/Violet-Animated-Mardi-Gras-Carnaval-Instagram-Post-1.mp4\">https:\/\/agora.xtec.cat\/ceip-agsantandreu\/wp-content\/uploads\/usu37\/2023\/02\/Violet-Animated-Mardi-Gras-Carnaval-Instagram-Post-1.mp4<\/a><\/video><\/div>\n","protected":false},"excerpt":{"rendered":"<p>QUINA RUA M\u00c9S ESPECTACULAR!<br \/>\nEl Sr. Carnestoltes ha quedat ben content i segur que tornar\u00e0 l&#8217;any vinent!<br \/>\nAqu\u00ed us deixem un munt de fotografies del que ha estat la festa de Carnaval de l&#8217;\u00c0ngel Guimer\u00e0!<br \/>\nUna rua plena de m\u00e0gia i color on els alumnes han gaudit molt.<br \/>\n<a&hellip;  <a href=\"https:\/\/agora.xtec.cat\/ceip-agsantandreu\/general\/carnaval-2023-2\/\" title=\"Read CARNAVAL 2023\">Llegeix m\u00e9s\u00bb<\/a><\/p>\n","protected":false},"author":1,"featured_media":0,"comment_status":"closed","ping_status":"closed","sticky":false,"template":"","format":"standard","meta":{"_bbp_topic_count":0,"_bbp_reply_count":0,"_bbp_total_topic_count":0,"_bbp_total_reply_count":0,"_bbp_voice_count":0,"_bbp_anonymous_reply_count":0,"_bbp_topic_count_hidden":0,"_bbp_reply_count_hidden":0,"_bbp_forum_subforum_count":0,"footnotes":""},"categories":[1,4],"tags":[],"class_list":["post-7148","post","type-post","status-publish","format-standard","hentry","category-general","category-portada"],"post_mailing_queue_ids":[],"_links":{"self":[{"href":"https:\/\/agora.xtec.cat\/ceip-agsantandreu\/wp-json\/wp\/v2\/posts\/7148","targetHints":{"allow":["GET"]}}],"collection":[{"href":"https:\/\/agora.xtec.cat\/ceip-agsantandreu\/wp-json\/wp\/v2\/posts"}],"about":[{"href":"https:\/\/agora.xtec.cat\/ceip-agsantandreu\/wp-json\/wp\/v2\/types\/post"}],"author":[{"embeddable":true,"href":"https:\/\/agora.xtec.cat\/ceip-agsantandreu\/wp-json\/wp\/v2\/users\/1"}],"replies":[{"embeddable":true,"href":"https:\/\/agora.xtec.cat\/ceip-agsantandreu\/wp-json\/wp\/v2\/comments?post=7148"}],"version-history":[{"count":1,"href":"https:\/\/agora.xtec.cat\/ceip-agsantandreu\/wp-json\/wp\/v2\/posts\/7148\/revisions"}],"predecessor-version":[{"id":7150,"href":"https:\/\/agora.xtec.cat\/ceip-agsantandreu\/wp-json\/wp\/v2\/posts\/7148\/revisions\/7150"}],"wp:attachment":[{"href":"https:\/\/agora.xtec.cat\/ceip-agsantandreu\/wp-json\/wp\/v2\/media?parent=7148"}],"wp:term":[{"taxonomy":"category","embeddable":true,"href":"https:\/\/agora.xtec.cat\/ceip-agsantandreu\/wp-json\/wp\/v2\/categories?post=7148"},{"taxonomy":"post_tag","embeddable":true,"href":"https:\/\/agora.xtec.cat\/ceip-agsantandreu\/wp-json\/wp\/v2\/tags?post=7148"}],"curies":[{"name":"wp","href":"https:\/\/api.w.org\/{rel}","templated":true}]}}