{"id":7037,"date":"2022-12-13T15:22:08","date_gmt":"2022-12-13T14:22:08","guid":{"rendered":"https:\/\/agora.xtec.cat\/ceip-agsantandreu\/?p=7037"},"modified":"2022-12-15T15:38:36","modified_gmt":"2022-12-15T14:38:36","slug":"el-tio-ha-arribat-al-1r-cicle","status":"publish","type":"post","link":"https:\/\/agora.xtec.cat\/ceip-agsantandreu\/general\/el-tio-ha-arribat-al-1r-cicle\/","title":{"rendered":"El Ti\u00f3 ha arribat al 1r Cicle!"},"content":{"rendered":"<p><a href=\"https:\/\/photos.app.goo.gl\/f8TzHJHpya6sGf3D7\" target=\"_blank\" rel=\"noopener\"><img loading=\"lazy\" decoding=\"async\" class=\"aligncenter wp-image-7038 size-full\" src=\"https:\/\/agora.xtec.cat\/ceip-agsantandreu\/wp-content\/uploads\/usu37\/2022\/12\/WhatsApp-Image-2022-12-15-at-15.21.36.jpeg\" alt=\"\" width=\"1024\" height=\"576\" srcset=\"https:\/\/agora.xtec.cat\/ceip-agsantandreu\/wp-content\/uploads\/usu37\/2022\/12\/WhatsApp-Image-2022-12-15-at-15.21.36.jpeg 1024w, https:\/\/agora.xtec.cat\/ceip-agsantandreu\/wp-content\/uploads\/usu37\/2022\/12\/WhatsApp-Image-2022-12-15-at-15.21.36-300x169.jpeg 300w, https:\/\/agora.xtec.cat\/ceip-agsantandreu\/wp-content\/uploads\/usu37\/2022\/12\/WhatsApp-Image-2022-12-15-at-15.21.36-768x432.jpeg 768w\" sizes=\"auto, (max-width: 1024px) 100vw, 1024px\" \/><\/a><\/p>\n<p>L&#8217;alumnat de 1r i 2n de prim\u00e0ria s&#8217;han trobat avui a la gespa amb una visita molt especial.<\/p>\n<p>El Ti\u00f3 ha baixat de la muntanya i ha vingut a l&#8217;escola per posar-se tip de menjar.<\/p>\n<p>Tots els alumnes s&#8217;han comprom\u00e8s a que no passi gana en cap moment. Ara toca esperar a veure que ser\u00e0 capa\u00e7 de cagar!<\/p>\n<p><a href=\"https:\/\/photos.app.goo.gl\/f8TzHJHpya6sGf3D7\" target=\"_blank\" rel=\"noopener\">Mireu les fotografies!<\/a><\/p>\n","protected":false},"excerpt":{"rendered":"<p><a href=\"https:\/\/photos.app.goo.gl\/f8TzHJHpya6sGf3D7\" target=\"_blank\" rel=\"noopener\"><\/a><br \/>\nL&#8217;alumnat de 1r i 2n de prim\u00e0ria s&#8217;han trobat avui a la gespa amb una visita molt especial.<br \/>\nEl Ti\u00f3 ha baixat de la muntanya i ha vingut a l&#8217;escola per posar-se tip de menjar.<br \/>\nTots els alumnes s&#8217;han comprom\u00e8s a que no passi&hellip;  <a href=\"https:\/\/agora.xtec.cat\/ceip-agsantandreu\/general\/el-tio-ha-arribat-al-1r-cicle\/\" title=\"Read El Ti\u00f3 ha arribat al 1r Cicle!\">Llegeix m\u00e9s\u00bb<\/a><\/p>\n","protected":false},"author":1,"featured_media":0,"comment_status":"closed","ping_status":"closed","sticky":false,"template":"","format":"standard","meta":{"_bbp_topic_count":0,"_bbp_reply_count":0,"_bbp_total_topic_count":0,"_bbp_total_reply_count":0,"_bbp_voice_count":0,"_bbp_anonymous_reply_count":0,"_bbp_topic_count_hidden":0,"_bbp_reply_count_hidden":0,"_bbp_forum_subforum_count":0,"footnotes":""},"categories":[5,1,4],"tags":[],"class_list":["post-7037","post","type-post","status-publish","format-standard","hentry","category-mitjans","category-general","category-portada"],"post_mailing_queue_ids":[],"_links":{"self":[{"href":"https:\/\/agora.xtec.cat\/ceip-agsantandreu\/wp-json\/wp\/v2\/posts\/7037","targetHints":{"allow":["GET"]}}],"collection":[{"href":"https:\/\/agora.xtec.cat\/ceip-agsantandreu\/wp-json\/wp\/v2\/posts"}],"about":[{"href":"https:\/\/agora.xtec.cat\/ceip-agsantandreu\/wp-json\/wp\/v2\/types\/post"}],"author":[{"embeddable":true,"href":"https:\/\/agora.xtec.cat\/ceip-agsantandreu\/wp-json\/wp\/v2\/users\/1"}],"replies":[{"embeddable":true,"href":"https:\/\/agora.xtec.cat\/ceip-agsantandreu\/wp-json\/wp\/v2\/comments?post=7037"}],"version-history":[{"count":1,"href":"https:\/\/agora.xtec.cat\/ceip-agsantandreu\/wp-json\/wp\/v2\/posts\/7037\/revisions"}],"predecessor-version":[{"id":7039,"href":"https:\/\/agora.xtec.cat\/ceip-agsantandreu\/wp-json\/wp\/v2\/posts\/7037\/revisions\/7039"}],"wp:attachment":[{"href":"https:\/\/agora.xtec.cat\/ceip-agsantandreu\/wp-json\/wp\/v2\/media?parent=7037"}],"wp:term":[{"taxonomy":"category","embeddable":true,"href":"https:\/\/agora.xtec.cat\/ceip-agsantandreu\/wp-json\/wp\/v2\/categories?post=7037"},{"taxonomy":"post_tag","embeddable":true,"href":"https:\/\/agora.xtec.cat\/ceip-agsantandreu\/wp-json\/wp\/v2\/tags?post=7037"}],"curies":[{"name":"wp","href":"https:\/\/api.w.org\/{rel}","templated":true}]}}