{"id":7022,"date":"2022-12-12T18:13:44","date_gmt":"2022-12-12T17:13:44","guid":{"rendered":"https:\/\/agora.xtec.cat\/ceip-agsantandreu\/?p=7022"},"modified":"2022-12-12T18:13:44","modified_gmt":"2022-12-12T17:13:44","slug":"colonia-guell-6e-curs-22-23","status":"publish","type":"post","link":"https:\/\/agora.xtec.cat\/ceip-agsantandreu\/general\/colonia-guell-6e-curs-22-23\/","title":{"rendered":"COL\u00d2NIA G\u00dcELL 6\u00e8 CURS 22\/23"},"content":{"rendered":"<p>Durant el dia d&#8217;avui l&#8217;alumnat de 6\u00e8 ha pogut realitzar la visita que havia programada a la Col\u00f2nia G\u00fcell amb motiu del temari que s&#8217;ha treballat des de l&#8217;\u00e0rea de socials.<\/p>\n<p>L&#8217;activitat ha estat d&#8217;all\u00f2 m\u00e9s interessant, amb informacions i curiositats dels personatges de l&#8217;\u00e8poca i del seu impacte econ\u00f2mic i social.<\/p>\n<p>Hem ampliat coneixements sobre aquest moviment art\u00edstic conegut com a Modernisme que tan important \u00e9s per la nostra ciutat.<\/p>\n<p><a href=\"https:\/\/photos.app.goo.gl\/hzydszBjV4uQjqQf9\" target=\"_blank\" rel=\"noopener\">Aqu\u00ed us deixem unes imatges!<\/a><\/p>\n<p><a href=\"https:\/\/photos.app.goo.gl\/hzydszBjV4uQjqQf9\" target=\"_blank\" rel=\"noopener\"><img loading=\"lazy\" decoding=\"async\" class=\"aligncenter wp-image-7023 size-large\" src=\"https:\/\/agora.xtec.cat\/ceip-agsantandreu\/wp-content\/uploads\/usu37\/2022\/12\/WhatsApp-Image-2022-12-12-at-17.42.54-1024x769.jpeg\" alt=\"\" width=\"1024\" height=\"769\" srcset=\"https:\/\/agora.xtec.cat\/ceip-agsantandreu\/wp-content\/uploads\/usu37\/2022\/12\/WhatsApp-Image-2022-12-12-at-17.42.54-1024x769.jpeg 1024w, https:\/\/agora.xtec.cat\/ceip-agsantandreu\/wp-content\/uploads\/usu37\/2022\/12\/WhatsApp-Image-2022-12-12-at-17.42.54-300x225.jpeg 300w, https:\/\/agora.xtec.cat\/ceip-agsantandreu\/wp-content\/uploads\/usu37\/2022\/12\/WhatsApp-Image-2022-12-12-at-17.42.54-768x576.jpeg 768w, https:\/\/agora.xtec.cat\/ceip-agsantandreu\/wp-content\/uploads\/usu37\/2022\/12\/WhatsApp-Image-2022-12-12-at-17.42.54-1536x1153.jpeg 1536w, https:\/\/agora.xtec.cat\/ceip-agsantandreu\/wp-content\/uploads\/usu37\/2022\/12\/WhatsApp-Image-2022-12-12-at-17.42.54-200x150.jpeg 200w, https:\/\/agora.xtec.cat\/ceip-agsantandreu\/wp-content\/uploads\/usu37\/2022\/12\/WhatsApp-Image-2022-12-12-at-17.42.54.jpeg 2048w\" sizes=\"auto, (max-width: 1024px) 100vw, 1024px\" \/><\/a><\/p>\n","protected":false},"excerpt":{"rendered":"<p>Durant el dia d&#8217;avui l&#8217;alumnat de 6\u00e8 ha pogut realitzar la visita que havia programada a la Col\u00f2nia G\u00fcell amb motiu del temari que s&#8217;ha treballat des de l&#8217;\u00e0rea de socials.<br \/>\nL&#8217;activitat ha estat d&#8217;all\u00f2 m\u00e9s interessant, amb informacions i curiositats dels personatges de l&#8217;\u00e8poca i&hellip;  <a href=\"https:\/\/agora.xtec.cat\/ceip-agsantandreu\/general\/colonia-guell-6e-curs-22-23\/\" title=\"Read COL\u00d2NIA G\u00dcELL 6\u00e8 CURS 22\/23\">Llegeix m\u00e9s\u00bb<\/a><\/p>\n","protected":false},"author":1,"featured_media":0,"comment_status":"closed","ping_status":"closed","sticky":false,"template":"","format":"standard","meta":{"_bbp_topic_count":0,"_bbp_reply_count":0,"_bbp_total_topic_count":0,"_bbp_total_reply_count":0,"_bbp_voice_count":0,"_bbp_anonymous_reply_count":0,"_bbp_topic_count_hidden":0,"_bbp_reply_count_hidden":0,"_bbp_forum_subforum_count":0,"footnotes":""},"categories":[59,1,4],"tags":[],"class_list":["post-7022","post","type-post","status-publish","format-standard","hentry","category-grans","category-general","category-portada"],"post_mailing_queue_ids":[],"_links":{"self":[{"href":"https:\/\/agora.xtec.cat\/ceip-agsantandreu\/wp-json\/wp\/v2\/posts\/7022","targetHints":{"allow":["GET"]}}],"collection":[{"href":"https:\/\/agora.xtec.cat\/ceip-agsantandreu\/wp-json\/wp\/v2\/posts"}],"about":[{"href":"https:\/\/agora.xtec.cat\/ceip-agsantandreu\/wp-json\/wp\/v2\/types\/post"}],"author":[{"embeddable":true,"href":"https:\/\/agora.xtec.cat\/ceip-agsantandreu\/wp-json\/wp\/v2\/users\/1"}],"replies":[{"embeddable":true,"href":"https:\/\/agora.xtec.cat\/ceip-agsantandreu\/wp-json\/wp\/v2\/comments?post=7022"}],"version-history":[{"count":1,"href":"https:\/\/agora.xtec.cat\/ceip-agsantandreu\/wp-json\/wp\/v2\/posts\/7022\/revisions"}],"predecessor-version":[{"id":7024,"href":"https:\/\/agora.xtec.cat\/ceip-agsantandreu\/wp-json\/wp\/v2\/posts\/7022\/revisions\/7024"}],"wp:attachment":[{"href":"https:\/\/agora.xtec.cat\/ceip-agsantandreu\/wp-json\/wp\/v2\/media?parent=7022"}],"wp:term":[{"taxonomy":"category","embeddable":true,"href":"https:\/\/agora.xtec.cat\/ceip-agsantandreu\/wp-json\/wp\/v2\/categories?post=7022"},{"taxonomy":"post_tag","embeddable":true,"href":"https:\/\/agora.xtec.cat\/ceip-agsantandreu\/wp-json\/wp\/v2\/tags?post=7022"}],"curies":[{"name":"wp","href":"https:\/\/api.w.org\/{rel}","templated":true}]}}