{"id":7019,"date":"2022-12-12T09:26:26","date_gmt":"2022-12-12T08:26:26","guid":{"rendered":"https:\/\/agora.xtec.cat\/ceip-agsantandreu\/?p=7019"},"modified":"2023-01-08T21:20:32","modified_gmt":"2023-01-08T20:20:32","slug":"els-animals-3r","status":"publish","type":"post","link":"https:\/\/agora.xtec.cat\/ceip-agsantandreu\/general\/els-animals-3r\/","title":{"rendered":"Els animals 3r"},"content":{"rendered":"<p>&nbsp;<\/p>\n<p><a href=\"https:\/\/agora.xtec.cat\/ceip-agsantandreu\/wp-content\/uploads\/usu37\/2022\/12\/77adddb0-cca2-4330-be8b-7edea6615d83.jpg\"><img loading=\"lazy\" decoding=\"async\" class=\"aligncenter size-full wp-image-7020\" src=\"https:\/\/agora.xtec.cat\/ceip-agsantandreu\/wp-content\/uploads\/usu37\/2022\/12\/77adddb0-cca2-4330-be8b-7edea6615d83.jpg\" alt=\"\" width=\"1024\" height=\"937\" srcset=\"https:\/\/agora.xtec.cat\/ceip-agsantandreu\/wp-content\/uploads\/usu37\/2022\/12\/77adddb0-cca2-4330-be8b-7edea6615d83.jpg 1024w, https:\/\/agora.xtec.cat\/ceip-agsantandreu\/wp-content\/uploads\/usu37\/2022\/12\/77adddb0-cca2-4330-be8b-7edea6615d83-300x275.jpg 300w, https:\/\/agora.xtec.cat\/ceip-agsantandreu\/wp-content\/uploads\/usu37\/2022\/12\/77adddb0-cca2-4330-be8b-7edea6615d83-768x703.jpg 768w\" sizes=\"auto, (max-width: 1024px) 100vw, 1024px\" \/><\/a><\/p>\n<p>Els nens i nens de 3r ens ho hem passat molt b\u00e9 i som tots un experts en els animals en perill d&#8217;extinci\u00f3.\u00a0 En parelles hem triat un animal que ens cridava l&#8217;atenci\u00f3, hem cercat la informaci\u00f3 i hem seleccionat , resumit i elaborat un treball que hem exposat despr\u00e9s davant dels nostres companys!!\u00a0 Tots plegats hem coavaluat. Ha estat un treball super interessant!!<a href=\"https:\/\/photos.app.goo.gl\/NXowQoQ7qc1XYdaJ8\">Fotos<\/a><\/p>\n","protected":false},"excerpt":{"rendered":"<p>&nbsp;<br \/>\n<a href=\"https:\/\/agora.xtec.cat\/ceip-agsantandreu\/wp-content\/uploads\/usu37\/2022\/12\/77adddb0-cca2-4330-be8b-7edea6615d83.jpg\"><\/a><br \/>\nEls nens i nens de 3r ens ho hem passat molt b\u00e9 i som tots un experts en els animals en perill d&#8217;extinci\u00f3.\u00a0 En parelles hem triat un animal que ens cridava l&#8217;atenci\u00f3, hem cercat la informaci\u00f3 i hem seleccionat , resumit i elaborat&hellip;  <a href=\"https:\/\/agora.xtec.cat\/ceip-agsantandreu\/general\/els-animals-3r\/\" title=\"Read Els animals 3r\">Llegeix m\u00e9s\u00bb<\/a><\/p>\n","protected":false},"author":3,"featured_media":0,"comment_status":"closed","ping_status":"closed","sticky":false,"template":"","format":"standard","meta":{"_bbp_topic_count":0,"_bbp_reply_count":0,"_bbp_total_topic_count":0,"_bbp_total_reply_count":0,"_bbp_voice_count":0,"_bbp_anonymous_reply_count":0,"_bbp_topic_count_hidden":0,"_bbp_reply_count_hidden":0,"_bbp_forum_subforum_count":0,"footnotes":""},"categories":[58,1,4],"tags":[],"class_list":["post-7019","post","type-post","status-publish","format-standard","hentry","category-mitjans-mitjans","category-general","category-portada"],"post_mailing_queue_ids":[],"_links":{"self":[{"href":"https:\/\/agora.xtec.cat\/ceip-agsantandreu\/wp-json\/wp\/v2\/posts\/7019","targetHints":{"allow":["GET"]}}],"collection":[{"href":"https:\/\/agora.xtec.cat\/ceip-agsantandreu\/wp-json\/wp\/v2\/posts"}],"about":[{"href":"https:\/\/agora.xtec.cat\/ceip-agsantandreu\/wp-json\/wp\/v2\/types\/post"}],"author":[{"embeddable":true,"href":"https:\/\/agora.xtec.cat\/ceip-agsantandreu\/wp-json\/wp\/v2\/users\/3"}],"replies":[{"embeddable":true,"href":"https:\/\/agora.xtec.cat\/ceip-agsantandreu\/wp-json\/wp\/v2\/comments?post=7019"}],"version-history":[{"count":1,"href":"https:\/\/agora.xtec.cat\/ceip-agsantandreu\/wp-json\/wp\/v2\/posts\/7019\/revisions"}],"predecessor-version":[{"id":7021,"href":"https:\/\/agora.xtec.cat\/ceip-agsantandreu\/wp-json\/wp\/v2\/posts\/7019\/revisions\/7021"}],"wp:attachment":[{"href":"https:\/\/agora.xtec.cat\/ceip-agsantandreu\/wp-json\/wp\/v2\/media?parent=7019"}],"wp:term":[{"taxonomy":"category","embeddable":true,"href":"https:\/\/agora.xtec.cat\/ceip-agsantandreu\/wp-json\/wp\/v2\/categories?post=7019"},{"taxonomy":"post_tag","embeddable":true,"href":"https:\/\/agora.xtec.cat\/ceip-agsantandreu\/wp-json\/wp\/v2\/tags?post=7019"}],"curies":[{"name":"wp","href":"https:\/\/api.w.org\/{rel}","templated":true}]}}