{"id":7003,"date":"2022-11-30T16:09:01","date_gmt":"2022-11-30T15:09:01","guid":{"rendered":"https:\/\/agora.xtec.cat\/ceip-agsantandreu\/?p=7003"},"modified":"2022-12-05T15:51:42","modified_gmt":"2022-12-05T14:51:42","slug":"sortida-de-2n-al-cim-daligues","status":"publish","type":"post","link":"https:\/\/agora.xtec.cat\/ceip-agsantandreu\/general\/sortida-de-2n-al-cim-daligues\/","title":{"rendered":"SORTIDA DE 2n AL CIM D\u2019\u00c0LIGUES!"},"content":{"rendered":"<p>&nbsp;<\/p>\n<p><a href=\"https:\/\/agora.xtec.cat\/ceip-agsantandreu\/wp-content\/uploads\/usu37\/2022\/11\/84C8F79E-9F22-43A7-959F-FCC77B123259.jpeg\"><img loading=\"lazy\" decoding=\"async\" class=\"aligncenter size-full wp-image-7006\" src=\"https:\/\/agora.xtec.cat\/ceip-agsantandreu\/wp-content\/uploads\/usu37\/2022\/11\/84C8F79E-9F22-43A7-959F-FCC77B123259.jpeg\" alt=\"\" width=\"275\" height=\"183\" \/><\/a><\/p>\n<p>Quin dia m\u00e9s bonic envoltats d\u2019aus i natura!<\/p>\n<p>Els alumnes de 2n hem anat d\u2019excursi\u00f3 al Cim d\u2019\u00c0ligues. Primer hem fet una passejada pel bosc i despr\u00e9s hem anat a la zona de les aus. All\u00e0 hem pogut veure esp\u00e8cies de tot tipus i les seves caracter\u00edstiques (on viuen, qu\u00e8 mengen, com s\u00f3n les plomes\u2026). Finalment, les hem vist volar i ha estat impressionant, ens han passat molt a prop dels nostres caps!<\/p>\n<p>A l\u2019hora de dinar, hem anat a un parc molt gran on hem pogut gaudir d\u2019una estona de joc lliure\u00a0amb tobogans i tirolines!<\/p>\n<p><a href=\"https:\/\/photos.app.goo.gl\/z3eWFquAvmdbQa9X9\">SORTIDA 2n CIM D\u2019\u00c0LIGUES<\/a><\/p>\n","protected":false},"excerpt":{"rendered":"<p>&nbsp;<br \/>\n<a href=\"https:\/\/agora.xtec.cat\/ceip-agsantandreu\/wp-content\/uploads\/usu37\/2022\/11\/84C8F79E-9F22-43A7-959F-FCC77B123259.jpeg\"><\/a><br \/>\nQuin dia m\u00e9s bonic envoltats d\u2019aus i natura!<br \/>\nEls alumnes de 2n hem anat d\u2019excursi\u00f3 al Cim d\u2019\u00c0ligues. Primer hem fet una passejada pel bosc i despr\u00e9s hem anat a la zona de les aus. All\u00e0 hem pogut veure esp\u00e8cies de tot tipus i les&hellip;  <a href=\"https:\/\/agora.xtec.cat\/ceip-agsantandreu\/general\/sortida-de-2n-al-cim-daligues\/\" title=\"Read SORTIDA DE 2n AL CIM D\u2019\u00c0LIGUES!\">Llegeix m\u00e9s\u00bb<\/a><\/p>\n","protected":false},"author":3,"featured_media":0,"comment_status":"closed","ping_status":"closed","sticky":false,"template":"","format":"standard","meta":{"_bbp_topic_count":0,"_bbp_reply_count":0,"_bbp_total_topic_count":0,"_bbp_total_reply_count":0,"_bbp_voice_count":0,"_bbp_anonymous_reply_count":0,"_bbp_topic_count_hidden":0,"_bbp_reply_count_hidden":0,"_bbp_forum_subforum_count":0,"footnotes":""},"categories":[5,1,4],"tags":[],"class_list":["post-7003","post","type-post","status-publish","format-standard","hentry","category-mitjans","category-general","category-portada"],"post_mailing_queue_ids":[],"_links":{"self":[{"href":"https:\/\/agora.xtec.cat\/ceip-agsantandreu\/wp-json\/wp\/v2\/posts\/7003","targetHints":{"allow":["GET"]}}],"collection":[{"href":"https:\/\/agora.xtec.cat\/ceip-agsantandreu\/wp-json\/wp\/v2\/posts"}],"about":[{"href":"https:\/\/agora.xtec.cat\/ceip-agsantandreu\/wp-json\/wp\/v2\/types\/post"}],"author":[{"embeddable":true,"href":"https:\/\/agora.xtec.cat\/ceip-agsantandreu\/wp-json\/wp\/v2\/users\/3"}],"replies":[{"embeddable":true,"href":"https:\/\/agora.xtec.cat\/ceip-agsantandreu\/wp-json\/wp\/v2\/comments?post=7003"}],"version-history":[{"count":3,"href":"https:\/\/agora.xtec.cat\/ceip-agsantandreu\/wp-json\/wp\/v2\/posts\/7003\/revisions"}],"predecessor-version":[{"id":7009,"href":"https:\/\/agora.xtec.cat\/ceip-agsantandreu\/wp-json\/wp\/v2\/posts\/7003\/revisions\/7009"}],"wp:attachment":[{"href":"https:\/\/agora.xtec.cat\/ceip-agsantandreu\/wp-json\/wp\/v2\/media?parent=7003"}],"wp:term":[{"taxonomy":"category","embeddable":true,"href":"https:\/\/agora.xtec.cat\/ceip-agsantandreu\/wp-json\/wp\/v2\/categories?post=7003"},{"taxonomy":"post_tag","embeddable":true,"href":"https:\/\/agora.xtec.cat\/ceip-agsantandreu\/wp-json\/wp\/v2\/tags?post=7003"}],"curies":[{"name":"wp","href":"https:\/\/api.w.org\/{rel}","templated":true}]}}