{"id":6918,"date":"2022-11-02T13:01:54","date_gmt":"2022-11-02T12:01:54","guid":{"rendered":"https:\/\/agora.xtec.cat\/ceip-agsantandreu\/?p=6918"},"modified":"2022-11-02T13:01:54","modified_gmt":"2022-11-02T12:01:54","slug":"castanyada-a-cicle-mitja","status":"publish","type":"post","link":"https:\/\/agora.xtec.cat\/ceip-agsantandreu\/general\/castanyada-a-cicle-mitja\/","title":{"rendered":"Castanyada a Cicle Mitj\u00e0"},"content":{"rendered":"<p>Divendres a la tarda els nens i nenes de tercer i quart hem sortit al pati a fer un tastet de diferents fruits de tardor.\u00a0 Estava tot delici\u00f3s i a continuaci\u00f3 hem cantat unes can\u00e7ons sobre aquesta festivitat que ens ha agradat molt.<a href=\"https:\/\/photos.app.goo.gl\/pvTXBTP6b4e96E7Y8\">fotos<\/a><\/p>\n<p>&nbsp;<\/p>\n<p>&nbsp;<\/p>\n<p><a href=\"https:\/\/agora.xtec.cat\/ceip-agsantandreu\/wp-content\/uploads\/usu37\/2022\/11\/68d049d8-8f9c-43ad-b110-2e2bbaf9ff0d.jpg\"><img loading=\"lazy\" decoding=\"async\" class=\"aligncenter size-full wp-image-6920\" src=\"https:\/\/agora.xtec.cat\/ceip-agsantandreu\/wp-content\/uploads\/usu37\/2022\/11\/68d049d8-8f9c-43ad-b110-2e2bbaf9ff0d.jpg\" alt=\"\" width=\"2000\" height=\"1500\" srcset=\"https:\/\/agora.xtec.cat\/ceip-agsantandreu\/wp-content\/uploads\/usu37\/2022\/11\/68d049d8-8f9c-43ad-b110-2e2bbaf9ff0d.jpg 2000w, https:\/\/agora.xtec.cat\/ceip-agsantandreu\/wp-content\/uploads\/usu37\/2022\/11\/68d049d8-8f9c-43ad-b110-2e2bbaf9ff0d-300x225.jpg 300w, https:\/\/agora.xtec.cat\/ceip-agsantandreu\/wp-content\/uploads\/usu37\/2022\/11\/68d049d8-8f9c-43ad-b110-2e2bbaf9ff0d-1024x768.jpg 1024w, https:\/\/agora.xtec.cat\/ceip-agsantandreu\/wp-content\/uploads\/usu37\/2022\/11\/68d049d8-8f9c-43ad-b110-2e2bbaf9ff0d-768x576.jpg 768w, https:\/\/agora.xtec.cat\/ceip-agsantandreu\/wp-content\/uploads\/usu37\/2022\/11\/68d049d8-8f9c-43ad-b110-2e2bbaf9ff0d-1536x1152.jpg 1536w, https:\/\/agora.xtec.cat\/ceip-agsantandreu\/wp-content\/uploads\/usu37\/2022\/11\/68d049d8-8f9c-43ad-b110-2e2bbaf9ff0d-200x150.jpg 200w\" sizes=\"auto, (max-width: 2000px) 100vw, 2000px\" \/><\/a><\/p>\n","protected":false},"excerpt":{"rendered":"<p>Divendres a la tarda els nens i nenes de tercer i quart hem sortit al pati a fer un tastet de diferents fruits de tardor.\u00a0 Estava tot delici\u00f3s i a continuaci\u00f3 hem cantat unes can\u00e7ons sobre aquesta festivitat que ens ha agradat molt.<a href=\"https:\/\/photos.app.goo.gl\/pvTXBTP6b4e96E7Y8\">fotos<\/a><br \/>\n&nbsp;<br \/>\n&nbsp;<br \/>\n<a href=\"https:\/\/agora.xtec.cat\/ceip-agsantandreu\/wp-content\/uploads\/usu37\/2022\/11\/68d049d8-8f9c-43ad-b110-2e2bbaf9ff0d.jpg\"><\/a><\/p>\n","protected":false},"author":3,"featured_media":0,"comment_status":"open","ping_status":"closed","sticky":false,"template":"","format":"standard","meta":{"_bbp_topic_count":0,"_bbp_reply_count":0,"_bbp_total_topic_count":0,"_bbp_total_reply_count":0,"_bbp_voice_count":0,"_bbp_anonymous_reply_count":0,"_bbp_topic_count_hidden":0,"_bbp_reply_count_hidden":0,"_bbp_forum_subforum_count":0,"footnotes":""},"categories":[58,1,4],"tags":[],"class_list":["post-6918","post","type-post","status-publish","format-standard","hentry","category-mitjans-mitjans","category-general","category-portada"],"post_mailing_queue_ids":[],"_links":{"self":[{"href":"https:\/\/agora.xtec.cat\/ceip-agsantandreu\/wp-json\/wp\/v2\/posts\/6918","targetHints":{"allow":["GET"]}}],"collection":[{"href":"https:\/\/agora.xtec.cat\/ceip-agsantandreu\/wp-json\/wp\/v2\/posts"}],"about":[{"href":"https:\/\/agora.xtec.cat\/ceip-agsantandreu\/wp-json\/wp\/v2\/types\/post"}],"author":[{"embeddable":true,"href":"https:\/\/agora.xtec.cat\/ceip-agsantandreu\/wp-json\/wp\/v2\/users\/3"}],"replies":[{"embeddable":true,"href":"https:\/\/agora.xtec.cat\/ceip-agsantandreu\/wp-json\/wp\/v2\/comments?post=6918"}],"version-history":[{"count":1,"href":"https:\/\/agora.xtec.cat\/ceip-agsantandreu\/wp-json\/wp\/v2\/posts\/6918\/revisions"}],"predecessor-version":[{"id":6921,"href":"https:\/\/agora.xtec.cat\/ceip-agsantandreu\/wp-json\/wp\/v2\/posts\/6918\/revisions\/6921"}],"wp:attachment":[{"href":"https:\/\/agora.xtec.cat\/ceip-agsantandreu\/wp-json\/wp\/v2\/media?parent=6918"}],"wp:term":[{"taxonomy":"category","embeddable":true,"href":"https:\/\/agora.xtec.cat\/ceip-agsantandreu\/wp-json\/wp\/v2\/categories?post=6918"},{"taxonomy":"post_tag","embeddable":true,"href":"https:\/\/agora.xtec.cat\/ceip-agsantandreu\/wp-json\/wp\/v2\/tags?post=6918"}],"curies":[{"name":"wp","href":"https:\/\/api.w.org\/{rel}","templated":true}]}}