{"id":6876,"date":"2022-10-28T16:12:05","date_gmt":"2022-10-28T14:12:05","guid":{"rendered":"https:\/\/agora.xtec.cat\/ceip-agsantandreu\/?p=6876"},"modified":"2022-11-01T13:26:26","modified_gmt":"2022-11-01T12:26:26","slug":"maquetes-de-5e-castanyada-curs-22-23","status":"publish","type":"post","link":"https:\/\/agora.xtec.cat\/ceip-agsantandreu\/general\/maquetes-de-5e-castanyada-curs-22-23\/","title":{"rendered":"Maquetes de 5\u00e8 Castanyada Curs 22\/23"},"content":{"rendered":"<p>Aqu\u00ed tenim tots els alumnes de 5\u00e8 que han participat en la realitzaci\u00f3 de les maquetes de la Castanyada. Totes elles elaborades amb fruits propis de la tardor.<\/p>\n<p><a href=\"https:\/\/photos.app.goo.gl\/GWDZureNr11xeKLn8\" target=\"_blank\" rel=\"noopener\">Feu clic per veure tots els participants!<\/a><\/p>\n<p><a href=\"http:\/\/photos.app.goo.gl\/GWDZureNr11xeKLn8\" target=\"_blank\" rel=\"noopener\"><img loading=\"lazy\" decoding=\"async\" class=\"aligncenter wp-image-6877 size-large\" src=\"https:\/\/agora.xtec.cat\/ceip-agsantandreu\/wp-content\/uploads\/usu37\/2022\/11\/WhatsApp-Image-2022-11-01-at-12.58.36-PM-1-768x1024.jpeg\" alt=\"\" width=\"768\" height=\"1024\" srcset=\"https:\/\/agora.xtec.cat\/ceip-agsantandreu\/wp-content\/uploads\/usu37\/2022\/11\/WhatsApp-Image-2022-11-01-at-12.58.36-PM-1-768x1024.jpeg 768w, https:\/\/agora.xtec.cat\/ceip-agsantandreu\/wp-content\/uploads\/usu37\/2022\/11\/WhatsApp-Image-2022-11-01-at-12.58.36-PM-1-225x300.jpeg 225w, https:\/\/agora.xtec.cat\/ceip-agsantandreu\/wp-content\/uploads\/usu37\/2022\/11\/WhatsApp-Image-2022-11-01-at-12.58.36-PM-1-1152x1536.jpeg 1152w, https:\/\/agora.xtec.cat\/ceip-agsantandreu\/wp-content\/uploads\/usu37\/2022\/11\/WhatsApp-Image-2022-11-01-at-12.58.36-PM-1.jpeg 1536w\" sizes=\"auto, (max-width: 768px) 100vw, 768px\" \/><\/a><\/p>\n","protected":false},"excerpt":{"rendered":"<p>Aqu\u00ed tenim tots els alumnes de 5\u00e8 que han participat en la realitzaci\u00f3 de les maquetes de la Castanyada. Totes elles elaborades amb fruits propis de la tardor.<br \/>\n<a href=\"https:\/\/photos.app.goo.gl\/GWDZureNr11xeKLn8\" target=\"_blank\" rel=\"noopener\">Feu clic per veure tots els participants!<\/a><br \/>\n<a href=\"http:\/\/photos.app.goo.gl\/GWDZureNr11xeKLn8\" target=\"_blank\" rel=\"noopener\"><\/a><\/p>\n","protected":false},"author":1,"featured_media":0,"comment_status":"closed","ping_status":"closed","sticky":false,"template":"","format":"standard","meta":{"_bbp_topic_count":0,"_bbp_reply_count":0,"_bbp_total_topic_count":0,"_bbp_total_reply_count":0,"_bbp_voice_count":0,"_bbp_anonymous_reply_count":0,"_bbp_topic_count_hidden":0,"_bbp_reply_count_hidden":0,"_bbp_forum_subforum_count":0,"footnotes":""},"categories":[59,1,4],"tags":[],"class_list":["post-6876","post","type-post","status-publish","format-standard","hentry","category-grans","category-general","category-portada"],"post_mailing_queue_ids":[],"_links":{"self":[{"href":"https:\/\/agora.xtec.cat\/ceip-agsantandreu\/wp-json\/wp\/v2\/posts\/6876","targetHints":{"allow":["GET"]}}],"collection":[{"href":"https:\/\/agora.xtec.cat\/ceip-agsantandreu\/wp-json\/wp\/v2\/posts"}],"about":[{"href":"https:\/\/agora.xtec.cat\/ceip-agsantandreu\/wp-json\/wp\/v2\/types\/post"}],"author":[{"embeddable":true,"href":"https:\/\/agora.xtec.cat\/ceip-agsantandreu\/wp-json\/wp\/v2\/users\/1"}],"replies":[{"embeddable":true,"href":"https:\/\/agora.xtec.cat\/ceip-agsantandreu\/wp-json\/wp\/v2\/comments?post=6876"}],"version-history":[{"count":1,"href":"https:\/\/agora.xtec.cat\/ceip-agsantandreu\/wp-json\/wp\/v2\/posts\/6876\/revisions"}],"predecessor-version":[{"id":6878,"href":"https:\/\/agora.xtec.cat\/ceip-agsantandreu\/wp-json\/wp\/v2\/posts\/6876\/revisions\/6878"}],"wp:attachment":[{"href":"https:\/\/agora.xtec.cat\/ceip-agsantandreu\/wp-json\/wp\/v2\/media?parent=6876"}],"wp:term":[{"taxonomy":"category","embeddable":true,"href":"https:\/\/agora.xtec.cat\/ceip-agsantandreu\/wp-json\/wp\/v2\/categories?post=6876"},{"taxonomy":"post_tag","embeddable":true,"href":"https:\/\/agora.xtec.cat\/ceip-agsantandreu\/wp-json\/wp\/v2\/tags?post=6876"}],"curies":[{"name":"wp","href":"https:\/\/api.w.org\/{rel}","templated":true}]}}