{"id":6783,"date":"2022-10-14T16:10:12","date_gmt":"2022-10-14T14:10:12","guid":{"rendered":"https:\/\/agora.xtec.cat\/ceip-agsantandreu\/?p=6783"},"modified":"2022-10-14T16:12:48","modified_gmt":"2022-10-14T14:12:48","slug":"3r-de-sortida-a-can-mercader","status":"publish","type":"post","link":"https:\/\/agora.xtec.cat\/ceip-agsantandreu\/general\/3r-de-sortida-a-can-mercader\/","title":{"rendered":"3r de sortida a Can Mercader"},"content":{"rendered":"<p>Els alumnes de 3r hem tingut un meravell\u00f3s dia al parc de can mercader. Hem apr\u00e8s el que \u00e9s un refugi clim\u00e0tic i a mesurar la temperatura, la humitat, la insolaci\u00f3n i el soroll de diferents espais del Parc. Hem gaudit de valent!<\/p>\n<p><img loading=\"lazy\" decoding=\"async\" class=\"aligncenter wp-image-6784 size-full\" src=\"https:\/\/agora.xtec.cat\/ceip-agsantandreu\/wp-content\/uploads\/usu37\/2022\/10\/WhatsApp-Image-2022-10-14-at-15.39.20-1.jpeg\" alt=\"\" width=\"1024\" height=\"768\" srcset=\"https:\/\/agora.xtec.cat\/ceip-agsantandreu\/wp-content\/uploads\/usu37\/2022\/10\/WhatsApp-Image-2022-10-14-at-15.39.20-1.jpeg 1024w, https:\/\/agora.xtec.cat\/ceip-agsantandreu\/wp-content\/uploads\/usu37\/2022\/10\/WhatsApp-Image-2022-10-14-at-15.39.20-1-300x225.jpeg 300w, https:\/\/agora.xtec.cat\/ceip-agsantandreu\/wp-content\/uploads\/usu37\/2022\/10\/WhatsApp-Image-2022-10-14-at-15.39.20-1-768x576.jpeg 768w, https:\/\/agora.xtec.cat\/ceip-agsantandreu\/wp-content\/uploads\/usu37\/2022\/10\/WhatsApp-Image-2022-10-14-at-15.39.20-1-200x150.jpeg 200w\" sizes=\"auto, (max-width: 1024px) 100vw, 1024px\" \/><\/p>\n<p><a href=\"https:\/\/photos.app.goo.gl\/w5F9aLnz4ngAoeDKA\" target=\"_blank\" rel=\"noopener\">Clica per veure totes les fotografies!<\/a><\/p>\n","protected":false},"excerpt":{"rendered":"<p>Els alumnes de 3r hem tingut un meravell\u00f3s dia al parc de can mercader. Hem apr\u00e8s el que \u00e9s un refugi clim\u00e0tic i a mesurar la temperatura, la humitat, la insolaci\u00f3n i el soroll de diferents espais del Parc. Hem gaudit de valent!<\/p>\n<p><a href=\"https:\/\/photos.app.goo.gl\/w5F9aLnz4ngAoeDKA\" target=\"_blank\"&hellip;  <a href=\"https:\/\/agora.xtec.cat\/ceip-agsantandreu\/general\/3r-de-sortida-a-can-mercader\/\" title=\"Read 3r de sortida a Can Mercader\">Llegeix m\u00e9s\u00bb<\/a><\/p>\n","protected":false},"author":1,"featured_media":0,"comment_status":"open","ping_status":"closed","sticky":false,"template":"","format":"standard","meta":{"_bbp_topic_count":0,"_bbp_reply_count":0,"_bbp_total_topic_count":0,"_bbp_total_reply_count":0,"_bbp_voice_count":0,"_bbp_anonymous_reply_count":0,"_bbp_topic_count_hidden":0,"_bbp_reply_count_hidden":0,"_bbp_forum_subforum_count":0,"footnotes":""},"categories":[58,1,4],"tags":[],"class_list":["post-6783","post","type-post","status-publish","format-standard","hentry","category-mitjans-mitjans","category-general","category-portada"],"post_mailing_queue_ids":[],"_links":{"self":[{"href":"https:\/\/agora.xtec.cat\/ceip-agsantandreu\/wp-json\/wp\/v2\/posts\/6783","targetHints":{"allow":["GET"]}}],"collection":[{"href":"https:\/\/agora.xtec.cat\/ceip-agsantandreu\/wp-json\/wp\/v2\/posts"}],"about":[{"href":"https:\/\/agora.xtec.cat\/ceip-agsantandreu\/wp-json\/wp\/v2\/types\/post"}],"author":[{"embeddable":true,"href":"https:\/\/agora.xtec.cat\/ceip-agsantandreu\/wp-json\/wp\/v2\/users\/1"}],"replies":[{"embeddable":true,"href":"https:\/\/agora.xtec.cat\/ceip-agsantandreu\/wp-json\/wp\/v2\/comments?post=6783"}],"version-history":[{"count":1,"href":"https:\/\/agora.xtec.cat\/ceip-agsantandreu\/wp-json\/wp\/v2\/posts\/6783\/revisions"}],"predecessor-version":[{"id":6785,"href":"https:\/\/agora.xtec.cat\/ceip-agsantandreu\/wp-json\/wp\/v2\/posts\/6783\/revisions\/6785"}],"wp:attachment":[{"href":"https:\/\/agora.xtec.cat\/ceip-agsantandreu\/wp-json\/wp\/v2\/media?parent=6783"}],"wp:term":[{"taxonomy":"category","embeddable":true,"href":"https:\/\/agora.xtec.cat\/ceip-agsantandreu\/wp-json\/wp\/v2\/categories?post=6783"},{"taxonomy":"post_tag","embeddable":true,"href":"https:\/\/agora.xtec.cat\/ceip-agsantandreu\/wp-json\/wp\/v2\/tags?post=6783"}],"curies":[{"name":"wp","href":"https:\/\/api.w.org\/{rel}","templated":true}]}}