{"id":6772,"date":"2022-10-11T15:52:09","date_gmt":"2022-10-11T13:52:09","guid":{"rendered":"https:\/\/agora.xtec.cat\/ceip-agsantandreu\/?p=6772"},"modified":"2022-10-11T15:52:09","modified_gmt":"2022-10-11T13:52:09","slug":"23a-festa-de-la-bici","status":"publish","type":"post","link":"https:\/\/agora.xtec.cat\/ceip-agsantandreu\/afa\/23a-festa-de-la-bici\/","title":{"rendered":"23a. FESTA DE LA BICI"},"content":{"rendered":"<p style=\"font-weight: 400\"><strong>23a. FESTA DE LA BICICLETA<\/strong><\/p>\n<p style=\"font-weight: 400\"><strong>Avinguda de la Constituci\u00f3. Esplanada mercat setmanal<\/strong><\/p>\n<p style=\"font-weight: 400\"><strong>Dia 23 d\u2019octubre de 2022<\/strong><\/p>\n<p style=\"font-weight: 400\"><strong>Hora: 11:00<\/strong><\/p>\n<p style=\"font-weight: 400\">L\u2019activitat consisteix en un circuit urb\u00e0 pensat perqu\u00e8 tothom pugui participar-hi, tant les persones que no surten habitualment en bicicleta, com els esportistes que practiquen sovint aquest esport. Per facilitar la flu\u00efdesa del recorregut , en el decurs de l\u2019activitat es realitzaran dos reagrupaments de participants abans de travessar la N-II.<\/p>\n<p style=\"font-weight: 400\">La passejada NO \u00e9s una competici\u00f3.<\/p>\n<p style=\"font-weight: 400\">Es tracta de gaudir de la nostra ciutat des d\u2019una perspectiva que potser no \u00e9s l\u2019habitual. Cal anar sempre darrera el cotxe de la Policia Local que anir\u00e0 obrint el recorregut. \u00c9s obligatori l\u2019\u00fas del casc.<\/p>\n<p style=\"font-weight: 400\">\u00c9s gratu\u00efta, nom\u00e9s cal registrar-se al seg\u00fcent link:\u00a0<a href=\"https:\/\/formaciocebllob.playoffinformatica.com\/activitat\/1130\/Festa-de-la-Bicicleta-Sant-Andreu-de-la-Barca\/\" data-saferedirecturl=\"https:\/\/www.google.com\/url?q=https:\/\/formaciocebllob.playoffinformatica.com\/activitat\/1130\/Festa-de-la-Bicicleta-Sant-Andreu-de-la-Barca\/&amp;source=gmail&amp;ust=1665580871184000&amp;usg=AOvVaw36mL7rgirt4I3Xp6U-krB-\">https:\/\/formaciocebllob.playoffinformatica.com\/activitat\/1130\/Festa-de-la-Bicicleta-Sant-Andreu-de-la-Barca\/<\/a><\/p>\n<p>&nbsp;<\/p>\n<p style=\"font-weight: 400\"><strong>Al finalitzar es sortejar\u00e0 una bicicleta entre tots els participants!!!\u00a0<\/strong><\/p>\n<p style=\"font-weight: 400\">\n<p style=\"font-weight: 400\"><a href=\"https:\/\/agora.xtec.cat\/ceip-agsantandreu\/wp-content\/uploads\/usu37\/2022\/10\/Normativa-23a-festa-de-la-bici-2022.docx.pdf\">Normativa 23\u00aa festa de la bici 2022.docx<\/a><\/p>\n","protected":false},"excerpt":{"rendered":"<p>23a. FESTA DE LA BICICLETA<br \/>\nAvinguda de la Constituci\u00f3. Esplanada mercat setmanal<br \/>\nDia 23 d\u2019octubre de 2022<br \/>\nHora: 11:00<br \/>\nL\u2019activitat consisteix en un circuit urb\u00e0 pensat perqu\u00e8 tothom pugui participar-hi, tant les persones que no surten habitualment en bicicleta, com els esportistes que practiquen sovint aquest esport. Per facilitar&hellip;  <a href=\"https:\/\/agora.xtec.cat\/ceip-agsantandreu\/afa\/23a-festa-de-la-bici\/\" title=\"Read 23a. FESTA DE LA BICI\">Llegeix m\u00e9s\u00bb<\/a><\/p>\n","protected":false},"author":6,"featured_media":6773,"comment_status":"closed","ping_status":"closed","sticky":false,"template":"","format":"standard","meta":{"_bbp_topic_count":0,"_bbp_reply_count":0,"_bbp_total_topic_count":0,"_bbp_total_reply_count":0,"_bbp_voice_count":0,"_bbp_anonymous_reply_count":0,"_bbp_topic_count_hidden":0,"_bbp_reply_count_hidden":0,"_bbp_forum_subforum_count":0,"footnotes":""},"categories":[7],"tags":[],"class_list":["post-6772","post","type-post","status-publish","format-standard","has-post-thumbnail","hentry","category-afa"],"post_mailing_queue_ids":[],"_links":{"self":[{"href":"https:\/\/agora.xtec.cat\/ceip-agsantandreu\/wp-json\/wp\/v2\/posts\/6772","targetHints":{"allow":["GET"]}}],"collection":[{"href":"https:\/\/agora.xtec.cat\/ceip-agsantandreu\/wp-json\/wp\/v2\/posts"}],"about":[{"href":"https:\/\/agora.xtec.cat\/ceip-agsantandreu\/wp-json\/wp\/v2\/types\/post"}],"author":[{"embeddable":true,"href":"https:\/\/agora.xtec.cat\/ceip-agsantandreu\/wp-json\/wp\/v2\/users\/6"}],"replies":[{"embeddable":true,"href":"https:\/\/agora.xtec.cat\/ceip-agsantandreu\/wp-json\/wp\/v2\/comments?post=6772"}],"version-history":[{"count":1,"href":"https:\/\/agora.xtec.cat\/ceip-agsantandreu\/wp-json\/wp\/v2\/posts\/6772\/revisions"}],"predecessor-version":[{"id":6775,"href":"https:\/\/agora.xtec.cat\/ceip-agsantandreu\/wp-json\/wp\/v2\/posts\/6772\/revisions\/6775"}],"wp:featuredmedia":[{"embeddable":true,"href":"https:\/\/agora.xtec.cat\/ceip-agsantandreu\/wp-json\/wp\/v2\/media\/6773"}],"wp:attachment":[{"href":"https:\/\/agora.xtec.cat\/ceip-agsantandreu\/wp-json\/wp\/v2\/media?parent=6772"}],"wp:term":[{"taxonomy":"category","embeddable":true,"href":"https:\/\/agora.xtec.cat\/ceip-agsantandreu\/wp-json\/wp\/v2\/categories?post=6772"},{"taxonomy":"post_tag","embeddable":true,"href":"https:\/\/agora.xtec.cat\/ceip-agsantandreu\/wp-json\/wp\/v2\/tags?post=6772"}],"curies":[{"name":"wp","href":"https:\/\/api.w.org\/{rel}","templated":true}]}}