{"id":6757,"date":"2022-10-11T11:28:03","date_gmt":"2022-10-11T09:28:03","guid":{"rendered":"https:\/\/agora.xtec.cat\/ceip-agsantandreu\/?p=6757"},"modified":"2022-11-02T11:02:08","modified_gmt":"2022-11-02T10:02:08","slug":"adaptacio-a-i-3","status":"publish","type":"post","link":"https:\/\/agora.xtec.cat\/ceip-agsantandreu\/general\/adaptacio-a-i-3\/","title":{"rendered":"Adaptaci\u00f3 a I-3"},"content":{"rendered":"<p>Hola fam\u00edlies,<\/p>\n<p>Us deixem un petit recull de fotografies de les viv\u00e8ncies i experi\u00e8ncies que han tingut els nens i nenes de I-3 durant el primer mes d&#8217;adaptaci\u00f3.<\/p>\n<p style=\"text-align: center;\"><a href=\"https:\/\/agora.xtec.cat\/ceip-agsantandreu\/wp-content\/uploads\/usu37\/2022\/10\/IMG-20221010-WA0012.jpg\"><img loading=\"lazy\" decoding=\"async\" class=\"aligncenter wp-image-6768\" src=\"https:\/\/agora.xtec.cat\/ceip-agsantandreu\/wp-content\/uploads\/usu37\/2022\/10\/IMG-20221010-WA0012.jpg\" alt=\"\" width=\"456\" height=\"341\" srcset=\"https:\/\/agora.xtec.cat\/ceip-agsantandreu\/wp-content\/uploads\/usu37\/2022\/10\/IMG-20221010-WA0012.jpg 2048w, https:\/\/agora.xtec.cat\/ceip-agsantandreu\/wp-content\/uploads\/usu37\/2022\/10\/IMG-20221010-WA0012-300x224.jpg 300w, https:\/\/agora.xtec.cat\/ceip-agsantandreu\/wp-content\/uploads\/usu37\/2022\/10\/IMG-20221010-WA0012-1024x766.jpg 1024w, https:\/\/agora.xtec.cat\/ceip-agsantandreu\/wp-content\/uploads\/usu37\/2022\/10\/IMG-20221010-WA0012-768x575.jpg 768w, https:\/\/agora.xtec.cat\/ceip-agsantandreu\/wp-content\/uploads\/usu37\/2022\/10\/IMG-20221010-WA0012-1536x1149.jpg 1536w, https:\/\/agora.xtec.cat\/ceip-agsantandreu\/wp-content\/uploads\/usu37\/2022\/10\/IMG-20221010-WA0012-200x150.jpg 200w\" sizes=\"auto, (max-width: 456px) 100vw, 456px\" \/><\/a><a href=\"https:\/\/photos.app.goo.gl\/f3Y62h2C1qikSjBq7\">Fotografies<\/a><\/p>\n","protected":false},"excerpt":{"rendered":"<p>Hola fam\u00edlies,<br \/>\nUs deixem un petit recull de fotografies de les viv\u00e8ncies i experi\u00e8ncies que han tingut els nens i nenes de I-3 durant el primer mes d&#8217;adaptaci\u00f3.<br \/>\n<a href=\"https:\/\/agora.xtec.cat\/ceip-agsantandreu\/wp-content\/uploads\/usu37\/2022\/10\/IMG-20221010-WA0012.jpg\"><\/a><a href=\"https:\/\/photos.app.goo.gl\/f3Y62h2C1qikSjBq7\">Fotografies<\/a><\/p>\n","protected":false},"author":3,"featured_media":0,"comment_status":"closed","ping_status":"closed","sticky":false,"template":"","format":"standard","meta":{"_bbp_topic_count":0,"_bbp_reply_count":0,"_bbp_total_topic_count":0,"_bbp_total_reply_count":0,"_bbp_voice_count":0,"_bbp_anonymous_reply_count":0,"_bbp_topic_count_hidden":0,"_bbp_reply_count_hidden":0,"_bbp_forum_subforum_count":0,"footnotes":""},"categories":[2,1,4],"tags":[],"class_list":["post-6757","post","type-post","status-publish","format-standard","hentry","category-petits","category-general","category-portada"],"post_mailing_queue_ids":[],"_links":{"self":[{"href":"https:\/\/agora.xtec.cat\/ceip-agsantandreu\/wp-json\/wp\/v2\/posts\/6757","targetHints":{"allow":["GET"]}}],"collection":[{"href":"https:\/\/agora.xtec.cat\/ceip-agsantandreu\/wp-json\/wp\/v2\/posts"}],"about":[{"href":"https:\/\/agora.xtec.cat\/ceip-agsantandreu\/wp-json\/wp\/v2\/types\/post"}],"author":[{"embeddable":true,"href":"https:\/\/agora.xtec.cat\/ceip-agsantandreu\/wp-json\/wp\/v2\/users\/3"}],"replies":[{"embeddable":true,"href":"https:\/\/agora.xtec.cat\/ceip-agsantandreu\/wp-json\/wp\/v2\/comments?post=6757"}],"version-history":[{"count":3,"href":"https:\/\/agora.xtec.cat\/ceip-agsantandreu\/wp-json\/wp\/v2\/posts\/6757\/revisions"}],"predecessor-version":[{"id":6914,"href":"https:\/\/agora.xtec.cat\/ceip-agsantandreu\/wp-json\/wp\/v2\/posts\/6757\/revisions\/6914"}],"wp:attachment":[{"href":"https:\/\/agora.xtec.cat\/ceip-agsantandreu\/wp-json\/wp\/v2\/media?parent=6757"}],"wp:term":[{"taxonomy":"category","embeddable":true,"href":"https:\/\/agora.xtec.cat\/ceip-agsantandreu\/wp-json\/wp\/v2\/categories?post=6757"},{"taxonomy":"post_tag","embeddable":true,"href":"https:\/\/agora.xtec.cat\/ceip-agsantandreu\/wp-json\/wp\/v2\/tags?post=6757"}],"curies":[{"name":"wp","href":"https:\/\/api.w.org\/{rel}","templated":true}]}}