{"id":6704,"date":"2022-09-02T15:18:25","date_gmt":"2022-09-02T13:18:25","guid":{"rendered":"https:\/\/agora.xtec.cat\/ceip-agsantandreu\/?p=6704"},"modified":"2022-09-02T15:18:25","modified_gmt":"2022-09-02T13:18:25","slug":"funcionament-dentrades-i-sortides-curs-22-23","status":"publish","type":"post","link":"https:\/\/agora.xtec.cat\/ceip-agsantandreu\/general\/funcionament-dentrades-i-sortides-curs-22-23\/","title":{"rendered":"FUNCIONAMENT D\u2019ENTRADES I SORTIDES CURS 22\/23"},"content":{"rendered":"<p><b>Organitzaci\u00f3 d\u2019horaris i gesti\u00f3 d\u2019entrades<\/b><\/p>\n<p>Pel que fa l\u2019entrada a les 9.00h del mat\u00ed i a les 15.00h de la tarda (a partir d\u2019octubre):<\/p>\n<p>&#8211;\u00a0\u00a0\u00a0\u00a0\u00a0\u00a0\u00a0\u00a0\u00a0\u00a0Al cicle\u00a0<b>d&#8217;Educaci\u00f3 Infantil, els grups I.4 i I.5,<\/b>\u00a0<b>entrar\u00e0 per l&#8217;acc\u00e9s principal sense familiars i far\u00e0 fila per a la paret de l&#8217;esquerra<\/b>\u00a0(dibuixos dels mesos de l&#8217;any del setembre al febrer) on esperar\u00e0 la mestra fent fila per pujar amb tot el grup a l&#8217;aula.\u00a0<b>Els alumnes de I.3, entraran tamb\u00e9 per l&#8217;acc\u00e9s principal i pujaran amb les fam\u00edlies seguint la tanca de la dreta, accedint a les aules pel propi pati de I.3<\/b><b>.<\/b><\/p>\n<p>&#8211;\u00a0\u00a0\u00a0\u00a0\u00a0\u00a0\u00a0\u00a0\u00a0\u00a0Al\u00a0<b>Cicle Inicial, l\u2019alumnat entrar\u00e0 sense familiars per la porta principal fins arribar a la paret del final\u00a0<\/b>(on s\u00f3n els dibuixos dels mesos de l&#8217;any del mar\u00e7 al juny). Les mestres esperaran all\u00e0 fent fila per pujar amb tot el grup a l&#8217;aula.<\/p>\n<p>&#8211;\u00a0 \u00a0 \u00a0 \u00a0 \u00a0 El <b>Cicle Mitj\u00e0 entrar\u00e0 per les portes exteriors amb escales que hi ha al costat del gimn\u00e0s de l&#8217;escola. Els alumnes entraran sols i\u00a0<\/b>faran fila a la gespa i pujaran per la rampa que hi ha al pati fins arribar a les seves aules.<\/p>\n<p>&#8211;\u00a0\u00a0\u00a0\u00a0\u00a0\u00a0\u00a0\u00a0\u00a0\u00a0<b>Cicle Superior, entrar\u00e0 per les portes exteriors amb escales que hi ha al costat del gimn\u00e0s de l&#8217;escola. Els alumnes entraran sols i\u00a0<\/b>faran fila a la gespa i pujaran per l&#8217;acc\u00e9s principal de l&#8217;edifici fins a les seves aules.<\/p>\n<p><strong><a href=\"https:\/\/agora.xtec.cat\/ceip-agsantandreu\/wp-content\/uploads\/usu37\/2022\/09\/Ent.Cicle-Infantil.pdf\" target=\"_blank\" rel=\"noopener\">Entrades Curs 22\/23<\/a><\/strong><\/p>\n<p><b>Organitzaci\u00f3 d\u2019horaris i gesti\u00f3 de sortides<\/b><\/p>\n<p>La sortida a les 13.00h (mes de setembre), 12.30h del migdia i a les 16.30h de la tarda (a partir d\u2019octubre):<\/p>\n<p>&#8211;\u00a0\u00a0\u00a0\u00a0\u00a0\u00a0\u00a0\u00a0\u00a0\u00a0<b>E.INFANTIL:<\/b>\u00a0<b>Les fam\u00edlies recolliran als infants a la seva aula<\/b>\u00a0a trav\u00e9s de la porta del pati corresponent. En el cas de I.5B, ho faran a trav\u00e9s de la porta d&#8217;entrada\u00a0a l\u2019edifici d\u2019infantil.<\/p>\n<p>&#8211;\u00a0\u00a0\u00a0\u00a0\u00a0\u00a0\u00a0\u00a0\u00a0\u00a0<b>C.INICIAL:<\/b>\u00a0Les fam\u00edlies de 1r i 2n recolliran als infants\u00a0<b>a la paret del final\u00a0<\/b>on fan fila a l&#8217;hora d&#8217;entrar.<\/p>\n<p>&#8211;\u00a0\u00a0\u00a0\u00a0\u00a0\u00a0\u00a0\u00a0\u00a0\u00a0<b>C.MITJ\u00c0:\u00a0Les fam\u00edlies recolliran als infants a l\u2019al\u00e7ada de la rampa del pati<\/b>\u00a0que d\u00f3na acc\u00e9s a l\u2019edifici principal. Els grups d&#8217;alumnes de 4t esperaran a la paret davant la rampa i els grups d\u2019alumnes de 3r a banda i banda de la tanca del costat de la rampa.<\/p>\n<p>&#8211;\u00a0\u00a0\u00a0\u00a0\u00a0\u00a0\u00a0\u00a0\u00a0\u00a0<b>C.SUPERIOR:\u00a0<\/b>Molts dels alumnes de\u00a0<b>5\u00e8 i 6\u00e8 podran sortir sols si tenen l\u2019autoritzaci\u00f3<\/b>. La resta d\u2019alumnes, sortiran a trav\u00e9s de la\u00a0<b>porta exterior amb escales per on accedeixen al centre. A la vorera del carrer ser\u00e0 on esperaran les fam\u00edlies<\/b><b>.<\/b><\/p>\n<p><strong><a href=\"https:\/\/agora.xtec.cat\/ceip-agsantandreu\/wp-content\/uploads\/usu37\/2022\/09\/Sort.INF_.pdf\" target=\"_blank\" rel=\"noopener\">Sortides Curs 22\/23<\/a><\/strong><\/p>\n<p><b>Organitzaci\u00f3 d\u2019horaris i gesti\u00f3 d\u2019entrades i sortides<\/b><b>\u00a0al centre en cas de pluja:<\/b><\/p>\n<ul>\n<li><b>Si plou en el moment de l\u2019entrada i\/o la sortida<\/b>, les fam\u00edlies podran accedir al recinte escolar per\u00f2 no entrar als edificis. S&#8217;ha de seguir l&#8217;horari\u00a0habitual.<\/li>\n<\/ul>\n<p>&#8211;\u00a0\u00a0\u00a0\u00a0\u00a0\u00a0\u00a0\u00a0\u00a0\u00a0<b>E.INFANTIL:<\/b>\u00a0Les fam\u00edlies recolliran als infants a la seva aula a trav\u00e9s de la porta del pati corresponent. En el cas de I.5B, ho faran a trav\u00e9s de la porta d&#8217;entrada\u00a0a l\u2019edifici d\u2019infantil.<\/p>\n<p>&#8211;\u00a0\u00a0\u00a0\u00a0\u00a0\u00a0\u00a0\u00a0\u00a0\u00a0<b>C.INICIAL:<\/b>\u00a0Les fam\u00edlies de 1r i 2nB recolliran als infants a trav\u00e9s de la terrassa i 2nA a trav\u00e9s de la porta d&#8217;entrada\u00a0a l\u2019edifici d\u2019infantil.<\/p>\n<p>&#8211;\u00a0\u00a0\u00a0\u00a0\u00a0\u00a0\u00a0\u00a0\u00a0\u00a0\u00a0<b>C.MITJ\u00c0:<\/b>\u00a0Les fam\u00edlies recolliran als infants a trav\u00e9s de la rampa del pati que d\u00f3na acc\u00e9s a l&#8217;edifici principal.<\/p>\n<p>&#8211;\u00a0\u00a0\u00a0\u00a0\u00a0\u00a0\u00a0\u00a0\u00a0\u00a0<b>C.SUPERIOR:<\/b>\u00a0Les fam\u00edlies de 5\u00e8 i 6\u00e8 recolliran als infants a trav\u00e9s de la porta de l&#8217;edifici principal (vest\u00edbul).<\/p>\n","protected":false},"excerpt":{"rendered":"<p>Organitzaci\u00f3 d\u2019horaris i gesti\u00f3 d\u2019entrades<br \/>\nPel que fa l\u2019entrada a les 9.00h del mat\u00ed i a les 15.00h de la tarda (a partir d\u2019octubre):<br \/>\n&#8211;\u00a0\u00a0\u00a0\u00a0\u00a0\u00a0\u00a0\u00a0\u00a0\u00a0Al cicle\u00a0d&#8217;Educaci\u00f3 Infantil, els grups I.4 i I.5,\u00a0entrar\u00e0 per l&#8217;acc\u00e9s principal sense familiars i far\u00e0 fila per a la paret de l&#8217;esquerra\u00a0(dibuixos dels&hellip;  <a href=\"https:\/\/agora.xtec.cat\/ceip-agsantandreu\/general\/funcionament-dentrades-i-sortides-curs-22-23\/\" title=\"Read FUNCIONAMENT D\u2019ENTRADES I SORTIDES CURS 22\/23\">Llegeix m\u00e9s\u00bb<\/a><\/p>\n","protected":false},"author":1,"featured_media":0,"comment_status":"closed","ping_status":"closed","sticky":false,"template":"","format":"standard","meta":{"_bbp_topic_count":0,"_bbp_reply_count":0,"_bbp_total_topic_count":0,"_bbp_total_reply_count":0,"_bbp_voice_count":0,"_bbp_anonymous_reply_count":0,"_bbp_topic_count_hidden":0,"_bbp_reply_count_hidden":0,"_bbp_forum_subforum_count":0,"footnotes":""},"categories":[1,4],"tags":[],"class_list":["post-6704","post","type-post","status-publish","format-standard","hentry","category-general","category-portada"],"post_mailing_queue_ids":[],"_links":{"self":[{"href":"https:\/\/agora.xtec.cat\/ceip-agsantandreu\/wp-json\/wp\/v2\/posts\/6704","targetHints":{"allow":["GET"]}}],"collection":[{"href":"https:\/\/agora.xtec.cat\/ceip-agsantandreu\/wp-json\/wp\/v2\/posts"}],"about":[{"href":"https:\/\/agora.xtec.cat\/ceip-agsantandreu\/wp-json\/wp\/v2\/types\/post"}],"author":[{"embeddable":true,"href":"https:\/\/agora.xtec.cat\/ceip-agsantandreu\/wp-json\/wp\/v2\/users\/1"}],"replies":[{"embeddable":true,"href":"https:\/\/agora.xtec.cat\/ceip-agsantandreu\/wp-json\/wp\/v2\/comments?post=6704"}],"version-history":[{"count":1,"href":"https:\/\/agora.xtec.cat\/ceip-agsantandreu\/wp-json\/wp\/v2\/posts\/6704\/revisions"}],"predecessor-version":[{"id":6707,"href":"https:\/\/agora.xtec.cat\/ceip-agsantandreu\/wp-json\/wp\/v2\/posts\/6704\/revisions\/6707"}],"wp:attachment":[{"href":"https:\/\/agora.xtec.cat\/ceip-agsantandreu\/wp-json\/wp\/v2\/media?parent=6704"}],"wp:term":[{"taxonomy":"category","embeddable":true,"href":"https:\/\/agora.xtec.cat\/ceip-agsantandreu\/wp-json\/wp\/v2\/categories?post=6704"},{"taxonomy":"post_tag","embeddable":true,"href":"https:\/\/agora.xtec.cat\/ceip-agsantandreu\/wp-json\/wp\/v2\/tags?post=6704"}],"curies":[{"name":"wp","href":"https:\/\/api.w.org\/{rel}","templated":true}]}}