{"id":6679,"date":"2022-07-12T14:53:27","date_gmt":"2022-07-12T12:53:27","guid":{"rendered":"https:\/\/agora.xtec.cat\/ceip-agsantandreu\/?p=6679"},"modified":"2022-09-01T02:36:22","modified_gmt":"2022-09-01T00:36:22","slug":"extraescolars-2022-23","status":"publish","type":"post","link":"https:\/\/agora.xtec.cat\/ceip-agsantandreu\/afa\/extraescolars-2022-23\/","title":{"rendered":"EXTRAESCOLARS I SERVEI ACOLLIDA CURS 2022-23"},"content":{"rendered":"<p>HOLA FAM\u00cdLIES!<\/p>\n<div>Amb l&#8217;enlla\u00e7 que teniu al final d&#8217;aquest article accedireu al document actualitzat de les activitats extraescolars i serveis d&#8217;acollida per aquest curs 22-23.<\/div>\n<div><\/div>\n<div><\/div>\n<div><b>EXTRAESCOLARS<\/b><\/div>\n<div>Teniu el planning d&#8217;activitats proposat, us recordem que es posaran en marxa les activitats que tinguin un n\u00famero<b>\u00a0m\u00ednim\u00a0de 8 alumnes\u00a0inscrits<\/b>. Podeu fer les preinscripcions <u>del 1 al 15 de setembre,<\/u>\u00a0<u>via\u00a0online<\/u> a l&#8217;enlla\u00e7 adjunt. Les activitats extraescolars comen\u00e7aran el <u>dilluns 3 d&#8217;Octubre<\/u>. En la primera p\u00e0gina teniu tota la informaci\u00f3 d&#8217;horaris i preus, i a continuaci\u00f3 una breu descripci\u00f3 de totes les activitats perqu\u00e8\u00a0sapigueu quins aspectes es\u00a0treballen en cada una d&#8217;elles.<\/div>\n<div><\/div>\n<div>NOVETATS: farem una sessi\u00f3 mensual d&#8217;activitats en fam\u00edlia.. que vol dir aix\u00f2? pues que un divendres al mes podeu apuntar-vos amb els vostres petits i petites per realitzar una taller. La primera activitat proposada \u00e9s pel divendres 21 d&#8217;octubre &#8220;Taller de cuina de la Tardor&#8221; (teniu tota la info a la pen\u00faltima p\u00e0gina).<\/div>\n<div><\/div>\n<div><b>SERVEI D&#8217;ACOLLIDA<\/b><\/div>\n<div>El servei\u00a0<u>d&#8217;acollida de mat\u00ed<\/u>\u00a0estar\u00e0 en marxa des del primer dia\u00a0<u>6 de setembre, des de les 7.30h del mat\u00ed<\/u>. Teniu, a la \u00faltima\u00a0p\u00e0gina\u00a0del document, la informaci\u00f3 de preus per franges\u00a0hor\u00e0ries (tant de mat\u00ed\u00a0com de tarda) i serveis espor\u00e0dics. Les inscripcions al servei s&#8217;han de fer des del\u00a0<b>mateix link de les extraescolars<\/b>.<\/div>\n<div>Durant el mes de setembre, degut al canvis en el calendari escolar i la implementaci\u00f3 de la jornada\u00a0intensiva, ser\u00e0 l&#8217;empresa de menjador\u00a0qui far\u00e0 el servei d&#8217;acollida de tarda\u00a0<b>FINS LES 17h<\/b>.<u>\u00a0A partir del dilluns 3 d&#8217;octubre<\/u>, amb l&#8217;inici de les extraescolars i en l&#8217;horari habitual de jornada partida, e<u>l servei d&#8217;acollida de tarda es gestionar\u00e0 per part de l&#8217;empresa Diver&#8217;s i l&#8217;horari ser\u00e0 extensiu fins a les 18h<\/u>.<\/div>\n<div><\/div>\n<div>De manera que les tardes queden organitzades de la seg\u00fcent manera:<\/div>\n<div><\/div>\n<div><b>Setembre<\/b>. Horari intensiu fins les 13h. Menjador de 13h a 15.30h. Hora de lleure subvencionada per la Generalitat i gratu\u00efta per a les fam\u00edlies de 15.30h a 16.30h. Servei acollida amb cost\u00a0per a les fam\u00edlies de 16.30h a 17h (Com a casa menjadors).<\/div>\n<div><\/div>\n<div><b>A partir d&#8217;octubre<\/b>. Servei acollida de tarda des de les 16.30h (horari sortida escolar) fins les 18h.<\/div>\n<div><\/div>\n<p>&nbsp;<\/p>\n<p><a href=\"https:\/\/agora.xtec.cat\/ceip-agsantandreu\/wp-content\/uploads\/usu37\/2022\/07\/EXTRAESCOLARS-I-ACOLLIDA-ANGEL-GUIMERA.pdf\">EXTRAESCOLARS I ACOLLIDA ANGEL GUIMER\u00c0<\/a><\/p>\n","protected":false},"excerpt":{"rendered":"<p>HOLA FAM\u00cdLIES!<br \/>\nAmb l&#8217;enlla\u00e7 que teniu al final d&#8217;aquest article accedireu al document actualitzat de les activitats extraescolars i serveis d&#8217;acollida per aquest curs 22-23.<\/p>\n<p>EXTRAESCOLARS<br \/>\nTeniu el planning d&#8217;activitats proposat, us recordem que es posaran en marxa les activitats que tinguin un n\u00famero\u00a0m\u00ednim\u00a0de 8 alumnes\u00a0inscrits. Podeu fer&hellip;  <a href=\"https:\/\/agora.xtec.cat\/ceip-agsantandreu\/afa\/extraescolars-2022-23\/\" title=\"Read EXTRAESCOLARS I SERVEI ACOLLIDA CURS 2022-23\">Llegeix m\u00e9s\u00bb<\/a><\/p>\n","protected":false},"author":6,"featured_media":6681,"comment_status":"closed","ping_status":"closed","sticky":false,"template":"","format":"standard","meta":{"_bbp_topic_count":0,"_bbp_reply_count":0,"_bbp_total_topic_count":0,"_bbp_total_reply_count":0,"_bbp_voice_count":0,"_bbp_anonymous_reply_count":0,"_bbp_topic_count_hidden":0,"_bbp_reply_count_hidden":0,"_bbp_forum_subforum_count":0,"footnotes":""},"categories":[7],"tags":[],"class_list":["post-6679","post","type-post","status-publish","format-standard","has-post-thumbnail","hentry","category-afa"],"post_mailing_queue_ids":[],"_links":{"self":[{"href":"https:\/\/agora.xtec.cat\/ceip-agsantandreu\/wp-json\/wp\/v2\/posts\/6679","targetHints":{"allow":["GET"]}}],"collection":[{"href":"https:\/\/agora.xtec.cat\/ceip-agsantandreu\/wp-json\/wp\/v2\/posts"}],"about":[{"href":"https:\/\/agora.xtec.cat\/ceip-agsantandreu\/wp-json\/wp\/v2\/types\/post"}],"author":[{"embeddable":true,"href":"https:\/\/agora.xtec.cat\/ceip-agsantandreu\/wp-json\/wp\/v2\/users\/6"}],"replies":[{"embeddable":true,"href":"https:\/\/agora.xtec.cat\/ceip-agsantandreu\/wp-json\/wp\/v2\/comments?post=6679"}],"version-history":[{"count":3,"href":"https:\/\/agora.xtec.cat\/ceip-agsantandreu\/wp-json\/wp\/v2\/posts\/6679\/revisions"}],"predecessor-version":[{"id":6697,"href":"https:\/\/agora.xtec.cat\/ceip-agsantandreu\/wp-json\/wp\/v2\/posts\/6679\/revisions\/6697"}],"wp:featuredmedia":[{"embeddable":true,"href":"https:\/\/agora.xtec.cat\/ceip-agsantandreu\/wp-json\/wp\/v2\/media\/6681"}],"wp:attachment":[{"href":"https:\/\/agora.xtec.cat\/ceip-agsantandreu\/wp-json\/wp\/v2\/media?parent=6679"}],"wp:term":[{"taxonomy":"category","embeddable":true,"href":"https:\/\/agora.xtec.cat\/ceip-agsantandreu\/wp-json\/wp\/v2\/categories?post=6679"},{"taxonomy":"post_tag","embeddable":true,"href":"https:\/\/agora.xtec.cat\/ceip-agsantandreu\/wp-json\/wp\/v2\/tags?post=6679"}],"curies":[{"name":"wp","href":"https:\/\/api.w.org\/{rel}","templated":true}]}}