{"id":6650,"date":"2022-06-16T16:47:01","date_gmt":"2022-06-16T14:47:01","guid":{"rendered":"https:\/\/agora.xtec.cat\/ceip-agsantandreu\/?p=6650"},"modified":"2022-06-16T16:47:01","modified_gmt":"2022-06-16T14:47:01","slug":"es-el-moment","status":"publish","type":"post","link":"https:\/\/agora.xtec.cat\/ceip-agsantandreu\/afa\/es-el-moment\/","title":{"rendered":"\u00c9s el moment.."},"content":{"rendered":"<div>Un any m\u00e9s arribem al final d&#8217;aquest curs escolar, millor que l&#8217;any passat per\u00f2 encara amb situacions\u00a0que ens recorden els anys de pand\u00e8mia i les dificultats. Estem segurs que el pr\u00f2xim curs ser\u00e0 encara millor!!<\/div>\n<div><\/div>\n<div>Des de l&#8217;AMPA volem agrair enormement la tasca que feu mares, mares i tutors, a les fam\u00edlies delegades, als col.laborars de l&#8217;Ampa i a tothom que estigui implicat en l&#8217;educaci\u00f3 i evoluci\u00f3 dels nostres petits i petites. Des de l&#8217;AMPA em dut a terme diferentes activitats al llarg del curs participant activament amb l&#8217;escola (castanyera, nadal, carnaval, Sant Jordi&#8230;) i amb les fam\u00edlies (cavalcada de reis, R\u00faa).. hem aportat taules al patis.. i encara queden coses a fer !<\/div>\n<div>Volem donar les gr\u00e0cies a tots els participants a la XXV Cursa de la Primavera, no vem guanyar el premi de participaci\u00f3 per\u00f2 vem deixar clar que la fam\u00edlia Guimer\u00e0 ve amb for\u00e7a!<\/div>\n<div><\/div>\n<div>Totes aquestes activitats tenen a un grup de MARES darrera que dediquem molt de temps a tirar endavant aquest projecte d&#8217;escola, i moltes persones que ens ajuden per\u00f2 necessitem de recursos econ\u00f2mics per continuar fent coses i, si podem, encara m\u00e9s!<\/div>\n<div><\/div>\n<div>\u00c9s per aix\u00f2 que us informem si no ho heu fet encara, que podeu renovar la quota o fer-vos socis en qualsevol moment. El Preu \u00e9s de<b>\u00a012\u20ac<\/b>\u00a0per tots el curs, per fam\u00edlia i tamb\u00e9 us beneficieu en els descomptes en la compra de llibres i material escolar, compra de roba, serveis d&#8217;acollida&#8230;<\/div>\n<div><\/div>\n<div>El pagament de la quota el podeu fer per transfer\u00e8ncia al seg\u00fcent n\u00famero de compte:<\/div>\n<table>\n<tbody>\n<tr>\n<td colspan=\"2\" align=\"left\" valign=\"center\" width=\"230\" height=\"15\"><a><br \/>\nES25 0081 0076 3900 0127 5931<\/a><\/td>\n<\/tr>\n<\/tbody>\n<\/table>\n<div>Si us plau, envieu el justificant de las transfer\u00e8ncia al nostre email: ampaguimera1@gmail.com.<\/div>\n<div><\/div>\n<div>\u00c9S EL MOMENT!<\/div>\n","protected":false},"excerpt":{"rendered":"<p>Un any m\u00e9s arribem al final d&#8217;aquest curs escolar, millor que l&#8217;any passat per\u00f2 encara amb situacions\u00a0que ens recorden els anys de pand\u00e8mia i les dificultats. Estem segurs que el pr\u00f2xim curs ser\u00e0 encara millor!!<\/p>\n<p>Des de l&#8217;AMPA volem agrair enormement la tasca que feu mares,&hellip;  <a href=\"https:\/\/agora.xtec.cat\/ceip-agsantandreu\/afa\/es-el-moment\/\" title=\"Read \u00c9s el moment..\">Llegeix m\u00e9s\u00bb<\/a><\/p>\n","protected":false},"author":6,"featured_media":6651,"comment_status":"closed","ping_status":"closed","sticky":false,"template":"","format":"standard","meta":{"_bbp_topic_count":0,"_bbp_reply_count":0,"_bbp_total_topic_count":0,"_bbp_total_reply_count":0,"_bbp_voice_count":0,"_bbp_anonymous_reply_count":0,"_bbp_topic_count_hidden":0,"_bbp_reply_count_hidden":0,"_bbp_forum_subforum_count":0,"footnotes":""},"categories":[7],"tags":[],"class_list":["post-6650","post","type-post","status-publish","format-standard","has-post-thumbnail","hentry","category-afa"],"post_mailing_queue_ids":[],"_links":{"self":[{"href":"https:\/\/agora.xtec.cat\/ceip-agsantandreu\/wp-json\/wp\/v2\/posts\/6650","targetHints":{"allow":["GET"]}}],"collection":[{"href":"https:\/\/agora.xtec.cat\/ceip-agsantandreu\/wp-json\/wp\/v2\/posts"}],"about":[{"href":"https:\/\/agora.xtec.cat\/ceip-agsantandreu\/wp-json\/wp\/v2\/types\/post"}],"author":[{"embeddable":true,"href":"https:\/\/agora.xtec.cat\/ceip-agsantandreu\/wp-json\/wp\/v2\/users\/6"}],"replies":[{"embeddable":true,"href":"https:\/\/agora.xtec.cat\/ceip-agsantandreu\/wp-json\/wp\/v2\/comments?post=6650"}],"version-history":[{"count":1,"href":"https:\/\/agora.xtec.cat\/ceip-agsantandreu\/wp-json\/wp\/v2\/posts\/6650\/revisions"}],"predecessor-version":[{"id":6652,"href":"https:\/\/agora.xtec.cat\/ceip-agsantandreu\/wp-json\/wp\/v2\/posts\/6650\/revisions\/6652"}],"wp:featuredmedia":[{"embeddable":true,"href":"https:\/\/agora.xtec.cat\/ceip-agsantandreu\/wp-json\/wp\/v2\/media\/6651"}],"wp:attachment":[{"href":"https:\/\/agora.xtec.cat\/ceip-agsantandreu\/wp-json\/wp\/v2\/media?parent=6650"}],"wp:term":[{"taxonomy":"category","embeddable":true,"href":"https:\/\/agora.xtec.cat\/ceip-agsantandreu\/wp-json\/wp\/v2\/categories?post=6650"},{"taxonomy":"post_tag","embeddable":true,"href":"https:\/\/agora.xtec.cat\/ceip-agsantandreu\/wp-json\/wp\/v2\/tags?post=6650"}],"curies":[{"name":"wp","href":"https:\/\/api.w.org\/{rel}","templated":true}]}}