{"id":6639,"date":"2022-06-10T13:11:53","date_gmt":"2022-06-10T11:11:53","guid":{"rendered":"https:\/\/agora.xtec.cat\/ceip-agsantandreu\/?p=6639"},"modified":"2022-06-10T13:12:24","modified_gmt":"2022-06-10T11:12:24","slug":"preinscripcio-i-matriculacio-2022-2023","status":"publish","type":"post","link":"https:\/\/agora.xtec.cat\/ceip-agsantandreu\/general\/preinscripcio-i-matriculacio-2022-2023\/","title":{"rendered":"Preinscripci\u00f3 i matriculaci\u00f3 2022-2023"},"content":{"rendered":"<p>Podeu consultar la llista d&#8217;alumnes admesos a la nostra escola, la llista d&#8217;alumnes preinscrits al centre, i de la llista d&#8217;espera de la nostra escola als seg\u00fcents enlla\u00e7os:<\/p>\n<p><a href=\"https:\/\/agora.xtec.cat\/ceip-agsantandreu\/wp-content\/uploads\/usu37\/2022\/06\/1-Llistat-alumnes-assignats-al-centre-a-10-06-2022.pdf\" target=\"_blank\" rel=\"noopener\">1 Alumnes assignats al centre amb indicaci\u00f3 de la primera petici\u00f3 a 10\/06\/2022<\/a><\/p>\n<p><a href=\"https:\/\/agora.xtec.cat\/ceip-agsantandreu\/wp-content\/uploads\/usu37\/2022\/06\/2-Alumnes-preinscrits-al-centre.pdf\" target=\"_blank\" rel=\"noopener\">2 Alumnes preinscrits al centre 10\/06\/22<\/a><\/p>\n<p><a href=\"https:\/\/agora.xtec.cat\/ceip-agsantandreu\/wp-content\/uploads\/usu37\/2022\/06\/3-Llista-despera-al-centre.pdf\" target=\"_blank\" rel=\"noopener\">3 Publicaci\u00f3 de la llista d&#8217;espera del centre a 10\/06\/2022<\/a><\/p>\n<p>Les dates per formalitzar la matr\u00edcula s\u00f3n del 21 al 29 de juny de 2022. Les fam\u00edlies que heu de formalitzar la matr\u00edcula a la nostra escola rebreu un correu electr\u00f2nic informant del dia i hora de matriculaci\u00f3, aix\u00ed com la documentaci\u00f3 que haureu de portar en cada cas.<\/p>\n","protected":false},"excerpt":{"rendered":"<p>Podeu consultar la llista d&#8217;alumnes admesos a la nostra escola, la llista d&#8217;alumnes preinscrits al centre, i de la llista d&#8217;espera de la nostra escola als seg\u00fcents enlla\u00e7os:<br \/>\n<a href=\"https:\/\/agora.xtec.cat\/ceip-agsantandreu\/wp-content\/uploads\/usu37\/2022\/06\/1-Llistat-alumnes-assignats-al-centre-a-10-06-2022.pdf\" target=\"_blank\" rel=\"noopener\">1 Alumnes assignats al centre amb indicaci\u00f3 de la primera petici\u00f3 a 10\/06\/2022<\/a><br \/>\n<a href=\"https:\/\/agora.xtec.cat\/ceip-agsantandreu\/wp-content\/uploads\/usu37\/2022\/06\/2-Alumnes-preinscrits-al-centre.pdf\" target=\"_blank\"&hellip;  <a href=\"https:\/\/agora.xtec.cat\/ceip-agsantandreu\/general\/preinscripcio-i-matriculacio-2022-2023\/\" title=\"Read Preinscripci\u00f3 i matriculaci\u00f3 2022-2023\">Llegeix m\u00e9s\u00bb<\/a><\/p>\n","protected":false},"author":1,"featured_media":0,"comment_status":"closed","ping_status":"closed","sticky":false,"template":"","format":"standard","meta":{"_bbp_topic_count":0,"_bbp_reply_count":0,"_bbp_total_topic_count":0,"_bbp_total_reply_count":0,"_bbp_voice_count":0,"_bbp_anonymous_reply_count":0,"_bbp_topic_count_hidden":0,"_bbp_reply_count_hidden":0,"_bbp_forum_subforum_count":0,"footnotes":""},"categories":[1],"tags":[],"class_list":["post-6639","post","type-post","status-publish","format-standard","hentry","category-general"],"post_mailing_queue_ids":[],"_links":{"self":[{"href":"https:\/\/agora.xtec.cat\/ceip-agsantandreu\/wp-json\/wp\/v2\/posts\/6639","targetHints":{"allow":["GET"]}}],"collection":[{"href":"https:\/\/agora.xtec.cat\/ceip-agsantandreu\/wp-json\/wp\/v2\/posts"}],"about":[{"href":"https:\/\/agora.xtec.cat\/ceip-agsantandreu\/wp-json\/wp\/v2\/types\/post"}],"author":[{"embeddable":true,"href":"https:\/\/agora.xtec.cat\/ceip-agsantandreu\/wp-json\/wp\/v2\/users\/1"}],"replies":[{"embeddable":true,"href":"https:\/\/agora.xtec.cat\/ceip-agsantandreu\/wp-json\/wp\/v2\/comments?post=6639"}],"version-history":[{"count":1,"href":"https:\/\/agora.xtec.cat\/ceip-agsantandreu\/wp-json\/wp\/v2\/posts\/6639\/revisions"}],"predecessor-version":[{"id":6640,"href":"https:\/\/agora.xtec.cat\/ceip-agsantandreu\/wp-json\/wp\/v2\/posts\/6639\/revisions\/6640"}],"wp:attachment":[{"href":"https:\/\/agora.xtec.cat\/ceip-agsantandreu\/wp-json\/wp\/v2\/media?parent=6639"}],"wp:term":[{"taxonomy":"category","embeddable":true,"href":"https:\/\/agora.xtec.cat\/ceip-agsantandreu\/wp-json\/wp\/v2\/categories?post=6639"},{"taxonomy":"post_tag","embeddable":true,"href":"https:\/\/agora.xtec.cat\/ceip-agsantandreu\/wp-json\/wp\/v2\/tags?post=6639"}],"curies":[{"name":"wp","href":"https:\/\/api.w.org\/{rel}","templated":true}]}}