{"id":6549,"date":"2022-05-29T10:43:24","date_gmt":"2022-05-29T08:43:24","guid":{"rendered":"https:\/\/agora.xtec.cat\/ceip-agsantandreu\/?p=6549"},"modified":"2022-06-01T09:24:46","modified_gmt":"2022-06-01T07:24:46","slug":"coneguem-el-mar-5e","status":"publish","type":"post","link":"https:\/\/agora.xtec.cat\/ceip-agsantandreu\/general\/coneguem-el-mar-5e\/","title":{"rendered":"CONEGUEM EL MAR 5\u00e8"},"content":{"rendered":"<p>El passat dilluns, 23 de maig, els alumnes de cinqu\u00e8 vam visitar Sitges i Vilanova i la Geltr\u00fa.\u00a0 \u00a0L&#8217;activitat va comen\u00e7ar a Sitges on vam recollir mostres de la biodiversitat t\u00edpica de les platges del mediterrani.\u00a0 Tot seguit, ens vam dirigir al port de Vilanova i la Geltr\u00fa on vam poder veure els vaixells de pesca i vam poder con\u00e8ixer els diversos m\u00e8todes de captura.\u00a0 Tamb\u00e9, vam visitar la llotja on ens van explicar com funcionava la subhasta de venda del peix.<\/p>\n<p>Podeu veure una mostra fotogr\u00e0fica <a href=\"https:\/\/photos.app.goo.gl\/6hEKz3XgGYpTVGW6A\">pitjant aqu\u00ed:<\/a><\/p>\n<p><a href=\"https:\/\/agora.xtec.cat\/ceip-agsantandreu\/wp-content\/uploads\/usu37\/2022\/05\/IMG_20220523_124526-Copy.jpg\"><img loading=\"lazy\" decoding=\"async\" class=\"aligncenter wp-image-6551 size-medium\" src=\"https:\/\/agora.xtec.cat\/ceip-agsantandreu\/wp-content\/uploads\/usu37\/2022\/05\/IMG_20220523_124526-Copy-300x225.jpg\" alt=\"\" width=\"300\" height=\"225\" srcset=\"https:\/\/agora.xtec.cat\/ceip-agsantandreu\/wp-content\/uploads\/usu37\/2022\/05\/IMG_20220523_124526-Copy-300x225.jpg 300w, https:\/\/agora.xtec.cat\/ceip-agsantandreu\/wp-content\/uploads\/usu37\/2022\/05\/IMG_20220523_124526-Copy-768x576.jpg 768w, https:\/\/agora.xtec.cat\/ceip-agsantandreu\/wp-content\/uploads\/usu37\/2022\/05\/IMG_20220523_124526-Copy-200x150.jpg 200w, https:\/\/agora.xtec.cat\/ceip-agsantandreu\/wp-content\/uploads\/usu37\/2022\/05\/IMG_20220523_124526-Copy.jpg 960w\" sizes=\"auto, (max-width: 300px) 100vw, 300px\" \/><\/a><\/p>\n<p>&nbsp;<\/p>\n","protected":false},"excerpt":{"rendered":"<p>El passat dilluns, 23 de maig, els alumnes de cinqu\u00e8 vam visitar Sitges i Vilanova i la Geltr\u00fa.\u00a0 \u00a0L&#8217;activitat va comen\u00e7ar a Sitges on vam recollir mostres de la biodiversitat t\u00edpica de les platges del mediterrani.\u00a0 Tot seguit, ens vam dirigir al port de Vilanova&hellip;  <a href=\"https:\/\/agora.xtec.cat\/ceip-agsantandreu\/general\/coneguem-el-mar-5e\/\" title=\"Read CONEGUEM EL MAR 5\u00e8\">Llegeix m\u00e9s\u00bb<\/a><\/p>\n","protected":false},"author":3,"featured_media":0,"comment_status":"closed","ping_status":"closed","sticky":false,"template":"","format":"standard","meta":{"_bbp_topic_count":0,"_bbp_reply_count":0,"_bbp_total_topic_count":0,"_bbp_total_reply_count":0,"_bbp_voice_count":0,"_bbp_anonymous_reply_count":0,"_bbp_topic_count_hidden":0,"_bbp_reply_count_hidden":0,"_bbp_forum_subforum_count":0,"footnotes":""},"categories":[59,1,4],"tags":[],"class_list":["post-6549","post","type-post","status-publish","format-standard","hentry","category-grans","category-general","category-portada"],"post_mailing_queue_ids":[],"_links":{"self":[{"href":"https:\/\/agora.xtec.cat\/ceip-agsantandreu\/wp-json\/wp\/v2\/posts\/6549","targetHints":{"allow":["GET"]}}],"collection":[{"href":"https:\/\/agora.xtec.cat\/ceip-agsantandreu\/wp-json\/wp\/v2\/posts"}],"about":[{"href":"https:\/\/agora.xtec.cat\/ceip-agsantandreu\/wp-json\/wp\/v2\/types\/post"}],"author":[{"embeddable":true,"href":"https:\/\/agora.xtec.cat\/ceip-agsantandreu\/wp-json\/wp\/v2\/users\/3"}],"replies":[{"embeddable":true,"href":"https:\/\/agora.xtec.cat\/ceip-agsantandreu\/wp-json\/wp\/v2\/comments?post=6549"}],"version-history":[{"count":2,"href":"https:\/\/agora.xtec.cat\/ceip-agsantandreu\/wp-json\/wp\/v2\/posts\/6549\/revisions"}],"predecessor-version":[{"id":6554,"href":"https:\/\/agora.xtec.cat\/ceip-agsantandreu\/wp-json\/wp\/v2\/posts\/6549\/revisions\/6554"}],"wp:attachment":[{"href":"https:\/\/agora.xtec.cat\/ceip-agsantandreu\/wp-json\/wp\/v2\/media?parent=6549"}],"wp:term":[{"taxonomy":"category","embeddable":true,"href":"https:\/\/agora.xtec.cat\/ceip-agsantandreu\/wp-json\/wp\/v2\/categories?post=6549"},{"taxonomy":"post_tag","embeddable":true,"href":"https:\/\/agora.xtec.cat\/ceip-agsantandreu\/wp-json\/wp\/v2\/tags?post=6549"}],"curies":[{"name":"wp","href":"https:\/\/api.w.org\/{rel}","templated":true}]}}