{"id":6522,"date":"2022-05-19T14:00:16","date_gmt":"2022-05-19T12:00:16","guid":{"rendered":"https:\/\/agora.xtec.cat\/ceip-agsantandreu\/?p=6522"},"modified":"2022-05-19T14:00:49","modified_gmt":"2022-05-19T12:00:49","slug":"sortida-p3","status":"publish","type":"post","link":"https:\/\/agora.xtec.cat\/ceip-agsantandreu\/general\/sortida-p3\/","title":{"rendered":"Sortida P3 &#8211; Granja Can Jordi"},"content":{"rendered":"<p>Els nens i nenes de P3 hem anat a visitar la granja de Can Jordi a Rub\u00ed.<\/p>\n<p style=\"text-align: left\">Hem gaudit d&#8217;un dia especial observant i tocant diferents d&#8217;animals: un ruc i una vaca, ponis, cabretes, conills, gallines, galls, oques, paons i un em\u00fa. Tamb\u00e9 hem passejat en carro i hem muntat a cavall. Ens ho hem passat molt b\u00e9 !!!<\/p>\n<p style=\"text-align: center\"><a href=\"https:\/\/agora.xtec.cat\/ceip-agsantandreu\/wp-content\/uploads\/usu37\/2022\/05\/IMG-20220518-WA0112.jpg\"><img loading=\"lazy\" decoding=\"async\" class=\"aligncenter wp-image-6523\" src=\"https:\/\/agora.xtec.cat\/ceip-agsantandreu\/wp-content\/uploads\/usu37\/2022\/05\/IMG-20220518-WA0112.jpg\" alt=\"\" width=\"446\" height=\"333\" srcset=\"https:\/\/agora.xtec.cat\/ceip-agsantandreu\/wp-content\/uploads\/usu37\/2022\/05\/IMG-20220518-WA0112.jpg 1829w, https:\/\/agora.xtec.cat\/ceip-agsantandreu\/wp-content\/uploads\/usu37\/2022\/05\/IMG-20220518-WA0112-300x224.jpg 300w, https:\/\/agora.xtec.cat\/ceip-agsantandreu\/wp-content\/uploads\/usu37\/2022\/05\/IMG-20220518-WA0112-1024x765.jpg 1024w, https:\/\/agora.xtec.cat\/ceip-agsantandreu\/wp-content\/uploads\/usu37\/2022\/05\/IMG-20220518-WA0112-768x574.jpg 768w, https:\/\/agora.xtec.cat\/ceip-agsantandreu\/wp-content\/uploads\/usu37\/2022\/05\/IMG-20220518-WA0112-1536x1147.jpg 1536w, https:\/\/agora.xtec.cat\/ceip-agsantandreu\/wp-content\/uploads\/usu37\/2022\/05\/IMG-20220518-WA0112-200x150.jpg 200w\" sizes=\"auto, (max-width: 446px) 100vw, 446px\" \/><\/a><a href=\"https:\/\/photos.app.goo.gl\/2gNEgYyFhLZyHXoW7\"><span style=\"color: #008000\">FOTOGRAFIES<\/span><\/a><\/p>\n","protected":false},"excerpt":{"rendered":"<p>Els nens i nenes de P3 hem anat a visitar la granja de Can Jordi a Rub\u00ed.<br \/>\nHem gaudit d&#8217;un dia especial observant i tocant diferents d&#8217;animals: un ruc i una vaca, ponis, cabretes, conills, gallines, galls, oques, paons i un em\u00fa. Tamb\u00e9 hem passejat en&hellip;  <a href=\"https:\/\/agora.xtec.cat\/ceip-agsantandreu\/general\/sortida-p3\/\" title=\"Read Sortida P3 &#8211; Granja Can Jordi\">Llegeix m\u00e9s\u00bb<\/a><\/p>\n","protected":false},"author":3,"featured_media":0,"comment_status":"closed","ping_status":"closed","sticky":false,"template":"","format":"standard","meta":{"_bbp_topic_count":0,"_bbp_reply_count":0,"_bbp_total_topic_count":0,"_bbp_total_reply_count":0,"_bbp_voice_count":0,"_bbp_anonymous_reply_count":0,"_bbp_topic_count_hidden":0,"_bbp_reply_count_hidden":0,"_bbp_forum_subforum_count":0,"footnotes":""},"categories":[2,1,4],"tags":[],"class_list":["post-6522","post","type-post","status-publish","format-standard","hentry","category-petits","category-general","category-portada"],"post_mailing_queue_ids":[],"_links":{"self":[{"href":"https:\/\/agora.xtec.cat\/ceip-agsantandreu\/wp-json\/wp\/v2\/posts\/6522","targetHints":{"allow":["GET"]}}],"collection":[{"href":"https:\/\/agora.xtec.cat\/ceip-agsantandreu\/wp-json\/wp\/v2\/posts"}],"about":[{"href":"https:\/\/agora.xtec.cat\/ceip-agsantandreu\/wp-json\/wp\/v2\/types\/post"}],"author":[{"embeddable":true,"href":"https:\/\/agora.xtec.cat\/ceip-agsantandreu\/wp-json\/wp\/v2\/users\/3"}],"replies":[{"embeddable":true,"href":"https:\/\/agora.xtec.cat\/ceip-agsantandreu\/wp-json\/wp\/v2\/comments?post=6522"}],"version-history":[{"count":3,"href":"https:\/\/agora.xtec.cat\/ceip-agsantandreu\/wp-json\/wp\/v2\/posts\/6522\/revisions"}],"predecessor-version":[{"id":6528,"href":"https:\/\/agora.xtec.cat\/ceip-agsantandreu\/wp-json\/wp\/v2\/posts\/6522\/revisions\/6528"}],"wp:attachment":[{"href":"https:\/\/agora.xtec.cat\/ceip-agsantandreu\/wp-json\/wp\/v2\/media?parent=6522"}],"wp:term":[{"taxonomy":"category","embeddable":true,"href":"https:\/\/agora.xtec.cat\/ceip-agsantandreu\/wp-json\/wp\/v2\/categories?post=6522"},{"taxonomy":"post_tag","embeddable":true,"href":"https:\/\/agora.xtec.cat\/ceip-agsantandreu\/wp-json\/wp\/v2\/tags?post=6522"}],"curies":[{"name":"wp","href":"https:\/\/api.w.org\/{rel}","templated":true}]}}