{"id":6487,"date":"2022-05-11T13:47:47","date_gmt":"2022-05-11T11:47:47","guid":{"rendered":"https:\/\/agora.xtec.cat\/ceip-agsantandreu\/?p=6487"},"modified":"2022-05-11T13:49:39","modified_gmt":"2022-05-11T11:49:39","slug":"ii-edicio-concurs-literari-juvenil-ccoo","status":"publish","type":"post","link":"https:\/\/agora.xtec.cat\/ceip-agsantandreu\/general\/ii-edicio-concurs-literari-juvenil-ccoo\/","title":{"rendered":"II Edici\u00f3 Concurs Literari Juvenil CCOO"},"content":{"rendered":"<p><a href=\"https:\/\/photos.app.goo.gl\/fYDycL5RPsepCwuY6\" target=\"_blank\" rel=\"noopener\"><img loading=\"lazy\" decoding=\"async\" class=\"aligncenter wp-image-6488 size-full\" src=\"https:\/\/agora.xtec.cat\/ceip-agsantandreu\/wp-content\/uploads\/usu37\/2022\/05\/WhatsApp-Image-2022-05-10-at-8.20.28-PM.jpeg\" alt=\"\" width=\"1024\" height=\"768\" srcset=\"https:\/\/agora.xtec.cat\/ceip-agsantandreu\/wp-content\/uploads\/usu37\/2022\/05\/WhatsApp-Image-2022-05-10-at-8.20.28-PM.jpeg 1024w, https:\/\/agora.xtec.cat\/ceip-agsantandreu\/wp-content\/uploads\/usu37\/2022\/05\/WhatsApp-Image-2022-05-10-at-8.20.28-PM-300x225.jpeg 300w, https:\/\/agora.xtec.cat\/ceip-agsantandreu\/wp-content\/uploads\/usu37\/2022\/05\/WhatsApp-Image-2022-05-10-at-8.20.28-PM-768x576.jpeg 768w, https:\/\/agora.xtec.cat\/ceip-agsantandreu\/wp-content\/uploads\/usu37\/2022\/05\/WhatsApp-Image-2022-05-10-at-8.20.28-PM-200x150.jpeg 200w\" sizes=\"auto, (max-width: 1024px) 100vw, 1024px\" \/><\/a><\/p>\n<p>Aquest dimarts, dia 10 de maig un dels nostres alumnes de 6\u00e8 va rebre un reconeixement per la presentaci\u00f3 del seu escrit al Concurs literari juvenil organitzat per CCOO.<\/p>\n<p>El concurs literari celebrava la seva segona edici\u00f3 i les tutores de 6\u00e8 van veure que podria ser una bona oportunitat per mostrar a l&#8217;exterior el treball d&#8217;expressi\u00f3 escrita que es realitza a la nostra escola. I aquesta bona feina ha donat els seus fruits.<\/p>\n<p>L&#8217;Albert Llobet, alumne de 6\u00e8 C, ha estat premiat com a 2n classificat!<\/p>\n<p>Es tracta d&#8217;un motiu de satisfacci\u00f3 molt gran que m\u00e9s enll\u00e0 del nostre entorn es reconegui l&#8217;esfor\u00e7 i el treball del nostre alumnat.<\/p>\n<p>Felicitats Albert!<\/p>\n<p>Felicitats mestres!<\/p>\n<p><a href=\"https:\/\/photos.app.goo.gl\/fYDycL5RPsepCwuY6\" target=\"_blank\" rel=\"noopener\">Clica aqu\u00ed o sobre la imatge per veure m\u00e9s fotografies.<\/a><\/p>\n","protected":false},"excerpt":{"rendered":"<p><a href=\"https:\/\/photos.app.goo.gl\/fYDycL5RPsepCwuY6\" target=\"_blank\" rel=\"noopener\"><\/a><br \/>\nAquest dimarts, dia 10 de maig un dels nostres alumnes de 6\u00e8 va rebre un reconeixement per la presentaci\u00f3 del seu escrit al Concurs literari juvenil organitzat per CCOO.<br \/>\nEl concurs literari celebrava la seva segona edici\u00f3 i les tutores de 6\u00e8 van&hellip;  <a href=\"https:\/\/agora.xtec.cat\/ceip-agsantandreu\/general\/ii-edicio-concurs-literari-juvenil-ccoo\/\" title=\"Read II Edici\u00f3 Concurs Literari Juvenil CCOO\">Llegeix m\u00e9s\u00bb<\/a><\/p>\n","protected":false},"author":1,"featured_media":0,"comment_status":"closed","ping_status":"closed","sticky":false,"template":"","format":"standard","meta":{"_bbp_topic_count":0,"_bbp_reply_count":0,"_bbp_total_topic_count":0,"_bbp_total_reply_count":0,"_bbp_voice_count":0,"_bbp_anonymous_reply_count":0,"_bbp_topic_count_hidden":0,"_bbp_reply_count_hidden":0,"_bbp_forum_subforum_count":0,"footnotes":""},"categories":[1,4],"tags":[],"class_list":["post-6487","post","type-post","status-publish","format-standard","hentry","category-general","category-portada"],"post_mailing_queue_ids":[],"_links":{"self":[{"href":"https:\/\/agora.xtec.cat\/ceip-agsantandreu\/wp-json\/wp\/v2\/posts\/6487","targetHints":{"allow":["GET"]}}],"collection":[{"href":"https:\/\/agora.xtec.cat\/ceip-agsantandreu\/wp-json\/wp\/v2\/posts"}],"about":[{"href":"https:\/\/agora.xtec.cat\/ceip-agsantandreu\/wp-json\/wp\/v2\/types\/post"}],"author":[{"embeddable":true,"href":"https:\/\/agora.xtec.cat\/ceip-agsantandreu\/wp-json\/wp\/v2\/users\/1"}],"replies":[{"embeddable":true,"href":"https:\/\/agora.xtec.cat\/ceip-agsantandreu\/wp-json\/wp\/v2\/comments?post=6487"}],"version-history":[{"count":2,"href":"https:\/\/agora.xtec.cat\/ceip-agsantandreu\/wp-json\/wp\/v2\/posts\/6487\/revisions"}],"predecessor-version":[{"id":6493,"href":"https:\/\/agora.xtec.cat\/ceip-agsantandreu\/wp-json\/wp\/v2\/posts\/6487\/revisions\/6493"}],"wp:attachment":[{"href":"https:\/\/agora.xtec.cat\/ceip-agsantandreu\/wp-json\/wp\/v2\/media?parent=6487"}],"wp:term":[{"taxonomy":"category","embeddable":true,"href":"https:\/\/agora.xtec.cat\/ceip-agsantandreu\/wp-json\/wp\/v2\/categories?post=6487"},{"taxonomy":"post_tag","embeddable":true,"href":"https:\/\/agora.xtec.cat\/ceip-agsantandreu\/wp-json\/wp\/v2\/tags?post=6487"}],"curies":[{"name":"wp","href":"https:\/\/api.w.org\/{rel}","templated":true}]}}