{"id":6462,"date":"2022-05-03T14:49:15","date_gmt":"2022-05-03T12:49:15","guid":{"rendered":"https:\/\/agora.xtec.cat\/ceip-agsantandreu\/?p=6462"},"modified":"2022-05-03T15:07:02","modified_gmt":"2022-05-03T13:07:02","slug":"publicacio-cantata-patuflash-2n","status":"publish","type":"post","link":"https:\/\/agora.xtec.cat\/ceip-agsantandreu\/general\/publicacio-cantata-patuflash-2n\/","title":{"rendered":"Publicaci\u00f3 cantata Patuflash 2n"},"content":{"rendered":"<p><a href=\"https:\/\/youtu.be\/xXesOkYRK3w\" target=\"_blank\" rel=\"noopener\"><img loading=\"lazy\" decoding=\"async\" class=\"aligncenter wp-image-6463 size-full\" src=\"https:\/\/agora.xtec.cat\/ceip-agsantandreu\/wp-content\/uploads\/usu37\/2022\/05\/0.jpg\" alt=\"\" width=\"480\" height=\"360\" srcset=\"https:\/\/agora.xtec.cat\/ceip-agsantandreu\/wp-content\/uploads\/usu37\/2022\/05\/0.jpg 480w, https:\/\/agora.xtec.cat\/ceip-agsantandreu\/wp-content\/uploads\/usu37\/2022\/05\/0-300x225.jpg 300w, https:\/\/agora.xtec.cat\/ceip-agsantandreu\/wp-content\/uploads\/usu37\/2022\/05\/0-200x150.jpg 200w\" sizes=\"auto, (max-width: 480px) 100vw, 480px\" \/><\/a><\/p>\n<p>Per fi avui ja podem veure el resultat final de la gravaci\u00f3 de la 8a cantata &#8220;Patuflash&#8221;, en la que vam participar els alumnes de 2n, juntament amb altres escoles del poble i l&#8217;escola municipal de m\u00fasica, el passat dimarts dia 5 d&#8217;abril al teatre N\u00faria Espert. Cliqueu <strong><a href=\"https:\/\/youtu.be\/xXesOkYRK3w\" target=\"_blank\" rel=\"noopener\">aqu\u00ed<\/a> <\/strong>o sobre la imatge per veure el v\u00eddeo, la nostra can\u00e7\u00f3 &#8220;Idees ben boges&#8221; la podeu veure a partir del minut 14.<\/p>\n<p>Esperem que us agradi molt!<\/p>\n<p>&nbsp;<\/p>\n","protected":false},"excerpt":{"rendered":"<p><a href=\"https:\/\/youtu.be\/xXesOkYRK3w\" target=\"_blank\" rel=\"noopener\"><\/a><br \/>\nPer fi avui ja podem veure el resultat final de la gravaci\u00f3 de la 8a cantata &#8220;Patuflash&#8221;, en la que vam participar els alumnes de 2n, juntament amb altres escoles del poble i l&#8217;escola municipal de m\u00fasica, el passat dimarts dia 5&hellip;  <a href=\"https:\/\/agora.xtec.cat\/ceip-agsantandreu\/general\/publicacio-cantata-patuflash-2n\/\" title=\"Read Publicaci\u00f3 cantata Patuflash 2n\">Llegeix m\u00e9s\u00bb<\/a><\/p>\n","protected":false},"author":3,"featured_media":6463,"comment_status":"closed","ping_status":"closed","sticky":false,"template":"","format":"standard","meta":{"_bbp_topic_count":0,"_bbp_reply_count":0,"_bbp_total_topic_count":0,"_bbp_total_reply_count":0,"_bbp_voice_count":0,"_bbp_anonymous_reply_count":0,"_bbp_topic_count_hidden":0,"_bbp_reply_count_hidden":0,"_bbp_forum_subforum_count":0,"footnotes":""},"categories":[2,1],"tags":[],"class_list":["post-6462","post","type-post","status-publish","format-standard","has-post-thumbnail","hentry","category-petits","category-general"],"post_mailing_queue_ids":[],"_links":{"self":[{"href":"https:\/\/agora.xtec.cat\/ceip-agsantandreu\/wp-json\/wp\/v2\/posts\/6462","targetHints":{"allow":["GET"]}}],"collection":[{"href":"https:\/\/agora.xtec.cat\/ceip-agsantandreu\/wp-json\/wp\/v2\/posts"}],"about":[{"href":"https:\/\/agora.xtec.cat\/ceip-agsantandreu\/wp-json\/wp\/v2\/types\/post"}],"author":[{"embeddable":true,"href":"https:\/\/agora.xtec.cat\/ceip-agsantandreu\/wp-json\/wp\/v2\/users\/3"}],"replies":[{"embeddable":true,"href":"https:\/\/agora.xtec.cat\/ceip-agsantandreu\/wp-json\/wp\/v2\/comments?post=6462"}],"version-history":[{"count":3,"href":"https:\/\/agora.xtec.cat\/ceip-agsantandreu\/wp-json\/wp\/v2\/posts\/6462\/revisions"}],"predecessor-version":[{"id":6466,"href":"https:\/\/agora.xtec.cat\/ceip-agsantandreu\/wp-json\/wp\/v2\/posts\/6462\/revisions\/6466"}],"wp:featuredmedia":[{"embeddable":true,"href":"https:\/\/agora.xtec.cat\/ceip-agsantandreu\/wp-json\/wp\/v2\/media\/6463"}],"wp:attachment":[{"href":"https:\/\/agora.xtec.cat\/ceip-agsantandreu\/wp-json\/wp\/v2\/media?parent=6462"}],"wp:term":[{"taxonomy":"category","embeddable":true,"href":"https:\/\/agora.xtec.cat\/ceip-agsantandreu\/wp-json\/wp\/v2\/categories?post=6462"},{"taxonomy":"post_tag","embeddable":true,"href":"https:\/\/agora.xtec.cat\/ceip-agsantandreu\/wp-json\/wp\/v2\/tags?post=6462"}],"curies":[{"name":"wp","href":"https:\/\/api.w.org\/{rel}","templated":true}]}}