{"id":6431,"date":"2022-04-26T16:33:34","date_gmt":"2022-04-26T14:33:34","guid":{"rendered":"https:\/\/agora.xtec.cat\/ceip-agsantandreu\/?p=6431"},"modified":"2022-04-26T16:33:34","modified_gmt":"2022-04-26T14:33:34","slug":"sortida-p3-can-rigol","status":"publish","type":"post","link":"https:\/\/agora.xtec.cat\/ceip-agsantandreu\/general\/sortida-p3-can-rigol\/","title":{"rendered":"Sortida P3 &#8211; Can Rigol"},"content":{"rendered":"<p>Els nens i nenes de P3 hem anat a la casa Can Rigol de Begues.<\/p>\n<p>Hem apr\u00e8s moltes coses de l&#8217;hort i hem fet de pagesos per un dia: Hem vist diferents plantes, llavors i eines, hem treballat la terra per plantar enciams, hem regat plantes, hem donat herbetes als rucs, hem plantat llavors en una torreta i tamb\u00e9 hem menjat les crispetes que ens han fet els monitors&#8230; estaven bon\u00ed\u00ed\u00ed\u00edssimes!!<\/p>\n<p>Ha estat un dia molt divertit!!<\/p>\n<p style=\"text-align: center\"><a href=\"https:\/\/agora.xtec.cat\/ceip-agsantandreu\/wp-content\/uploads\/usu37\/2022\/04\/IMG-20220425-WA0070.jpg\"><img loading=\"lazy\" decoding=\"async\" class=\"aligncenter wp-image-6432\" src=\"https:\/\/agora.xtec.cat\/ceip-agsantandreu\/wp-content\/uploads\/usu37\/2022\/04\/IMG-20220425-WA0070.jpg\" alt=\"\" width=\"461\" height=\"336\" srcset=\"https:\/\/agora.xtec.cat\/ceip-agsantandreu\/wp-content\/uploads\/usu37\/2022\/04\/IMG-20220425-WA0070.jpg 1753w, https:\/\/agora.xtec.cat\/ceip-agsantandreu\/wp-content\/uploads\/usu37\/2022\/04\/IMG-20220425-WA0070-300x219.jpg 300w, https:\/\/agora.xtec.cat\/ceip-agsantandreu\/wp-content\/uploads\/usu37\/2022\/04\/IMG-20220425-WA0070-1024x747.jpg 1024w, https:\/\/agora.xtec.cat\/ceip-agsantandreu\/wp-content\/uploads\/usu37\/2022\/04\/IMG-20220425-WA0070-768x560.jpg 768w, https:\/\/agora.xtec.cat\/ceip-agsantandreu\/wp-content\/uploads\/usu37\/2022\/04\/IMG-20220425-WA0070-1536x1121.jpg 1536w\" sizes=\"auto, (max-width: 461px) 100vw, 461px\" \/><\/a><strong><span style=\"color: #000080\"><a style=\"color: #000080\" href=\"https:\/\/photos.app.goo.gl\/m2SjoEBzmKu4GLSr8\"><span style=\"text-decoration: underline\">FOTOGRAFIES<\/span><\/a><\/span><\/strong><\/p>\n","protected":false},"excerpt":{"rendered":"<p>Els nens i nenes de P3 hem anat a la casa Can Rigol de Begues.<br \/>\nHem apr\u00e8s moltes coses de l&#8217;hort i hem fet de pagesos per un dia: Hem vist diferents plantes, llavors i eines, hem treballat la terra per plantar enciams, hem regat plantes,&hellip;  <a href=\"https:\/\/agora.xtec.cat\/ceip-agsantandreu\/general\/sortida-p3-can-rigol\/\" title=\"Read Sortida P3 &#8211; Can Rigol\">Llegeix m\u00e9s\u00bb<\/a><\/p>\n","protected":false},"author":3,"featured_media":0,"comment_status":"closed","ping_status":"closed","sticky":false,"template":"","format":"standard","meta":{"_bbp_topic_count":0,"_bbp_reply_count":0,"_bbp_total_topic_count":0,"_bbp_total_reply_count":0,"_bbp_voice_count":0,"_bbp_anonymous_reply_count":0,"_bbp_topic_count_hidden":0,"_bbp_reply_count_hidden":0,"_bbp_forum_subforum_count":0,"footnotes":""},"categories":[2,1,4],"tags":[],"class_list":["post-6431","post","type-post","status-publish","format-standard","hentry","category-petits","category-general","category-portada"],"post_mailing_queue_ids":[],"_links":{"self":[{"href":"https:\/\/agora.xtec.cat\/ceip-agsantandreu\/wp-json\/wp\/v2\/posts\/6431","targetHints":{"allow":["GET"]}}],"collection":[{"href":"https:\/\/agora.xtec.cat\/ceip-agsantandreu\/wp-json\/wp\/v2\/posts"}],"about":[{"href":"https:\/\/agora.xtec.cat\/ceip-agsantandreu\/wp-json\/wp\/v2\/types\/post"}],"author":[{"embeddable":true,"href":"https:\/\/agora.xtec.cat\/ceip-agsantandreu\/wp-json\/wp\/v2\/users\/3"}],"replies":[{"embeddable":true,"href":"https:\/\/agora.xtec.cat\/ceip-agsantandreu\/wp-json\/wp\/v2\/comments?post=6431"}],"version-history":[{"count":3,"href":"https:\/\/agora.xtec.cat\/ceip-agsantandreu\/wp-json\/wp\/v2\/posts\/6431\/revisions"}],"predecessor-version":[{"id":6442,"href":"https:\/\/agora.xtec.cat\/ceip-agsantandreu\/wp-json\/wp\/v2\/posts\/6431\/revisions\/6442"}],"wp:attachment":[{"href":"https:\/\/agora.xtec.cat\/ceip-agsantandreu\/wp-json\/wp\/v2\/media?parent=6431"}],"wp:term":[{"taxonomy":"category","embeddable":true,"href":"https:\/\/agora.xtec.cat\/ceip-agsantandreu\/wp-json\/wp\/v2\/categories?post=6431"},{"taxonomy":"post_tag","embeddable":true,"href":"https:\/\/agora.xtec.cat\/ceip-agsantandreu\/wp-json\/wp\/v2\/tags?post=6431"}],"curies":[{"name":"wp","href":"https:\/\/api.w.org\/{rel}","templated":true}]}}