{"id":6426,"date":"2022-04-25T16:09:25","date_gmt":"2022-04-25T14:09:25","guid":{"rendered":"https:\/\/agora.xtec.cat\/ceip-agsantandreu\/?p=6426"},"modified":"2022-05-05T16:46:08","modified_gmt":"2022-05-05T14:46:08","slug":"sortida-1r-el-mon-de-les-abelles","status":"publish","type":"post","link":"https:\/\/agora.xtec.cat\/ceip-agsantandreu\/general\/sortida-1r-el-mon-de-les-abelles\/","title":{"rendered":"Sortida 1r &#8220;El m\u00f3n de les abelles&#8221;"},"content":{"rendered":"<p>Els nens i nenes de primer hem anat a &#8220;Can Pere&#8221; a Sant Pere de Ribes a aprendre coses sobre les abelles. All\u00e0 ens han explicat que el lloc a on viuen les abelles es diu rusc i tamb\u00e9 que les abelles obreres s\u00f3n les que porten el pol\u00b7len al rusc per a fabricar la mel. Ens hem posat un barret i uns guants especials per evitar que ens piquin les abelles i hem anat a visitar un d&#8217;aquests ruscs. Despr\u00e9s hem anat\u00a0 a dinar a un lloc molt maco sota els arbres. Ha fet un dia assolellat i ho hem passat molt b\u00e9!!<\/p>\n<p><a href=\"https:\/\/agora.xtec.cat\/ceip-agsantandreu\/wp-content\/uploads\/usu37\/2022\/04\/PORTADA.png\"><img loading=\"lazy\" decoding=\"async\" class=\"aligncenter size-full wp-image-6427\" src=\"https:\/\/agora.xtec.cat\/ceip-agsantandreu\/wp-content\/uploads\/usu37\/2022\/04\/PORTADA.png\" alt=\"\" width=\"513\" height=\"384\" srcset=\"https:\/\/agora.xtec.cat\/ceip-agsantandreu\/wp-content\/uploads\/usu37\/2022\/04\/PORTADA.png 513w, https:\/\/agora.xtec.cat\/ceip-agsantandreu\/wp-content\/uploads\/usu37\/2022\/04\/PORTADA-300x225.png 300w, https:\/\/agora.xtec.cat\/ceip-agsantandreu\/wp-content\/uploads\/usu37\/2022\/04\/PORTADA-200x150.png 200w\" sizes=\"auto, (max-width: 513px) 100vw, 513px\" \/><\/a><\/p>\n<p style=\"text-align: center;\"><a href=\"https:\/\/photos.app.goo.gl\/moooKwRxYJeJHxsL6\">FOTOGRAFIES<\/a><\/p>\n<p>&nbsp;<\/p>\n<p>&nbsp;<\/p>\n","protected":false},"excerpt":{"rendered":"<p>Els nens i nenes de primer hem anat a &#8220;Can Pere&#8221; a Sant Pere de Ribes a aprendre coses sobre les abelles. All\u00e0 ens han explicat que el lloc a on viuen les abelles es diu rusc i tamb\u00e9 que les abelles obreres s\u00f3n les&hellip;  <a href=\"https:\/\/agora.xtec.cat\/ceip-agsantandreu\/general\/sortida-1r-el-mon-de-les-abelles\/\" title=\"Read Sortida 1r &#8220;El m\u00f3n de les abelles&#8221;\">Llegeix m\u00e9s\u00bb<\/a><\/p>\n","protected":false},"author":3,"featured_media":0,"comment_status":"closed","ping_status":"closed","sticky":false,"template":"","format":"standard","meta":{"_bbp_topic_count":0,"_bbp_reply_count":0,"_bbp_total_topic_count":0,"_bbp_total_reply_count":0,"_bbp_voice_count":0,"_bbp_anonymous_reply_count":0,"_bbp_topic_count_hidden":0,"_bbp_reply_count_hidden":0,"_bbp_forum_subforum_count":0,"footnotes":""},"categories":[5,1,4],"tags":[],"class_list":["post-6426","post","type-post","status-publish","format-standard","hentry","category-mitjans","category-general","category-portada"],"post_mailing_queue_ids":[],"_links":{"self":[{"href":"https:\/\/agora.xtec.cat\/ceip-agsantandreu\/wp-json\/wp\/v2\/posts\/6426","targetHints":{"allow":["GET"]}}],"collection":[{"href":"https:\/\/agora.xtec.cat\/ceip-agsantandreu\/wp-json\/wp\/v2\/posts"}],"about":[{"href":"https:\/\/agora.xtec.cat\/ceip-agsantandreu\/wp-json\/wp\/v2\/types\/post"}],"author":[{"embeddable":true,"href":"https:\/\/agora.xtec.cat\/ceip-agsantandreu\/wp-json\/wp\/v2\/users\/3"}],"replies":[{"embeddable":true,"href":"https:\/\/agora.xtec.cat\/ceip-agsantandreu\/wp-json\/wp\/v2\/comments?post=6426"}],"version-history":[{"count":3,"href":"https:\/\/agora.xtec.cat\/ceip-agsantandreu\/wp-json\/wp\/v2\/posts\/6426\/revisions"}],"predecessor-version":[{"id":6474,"href":"https:\/\/agora.xtec.cat\/ceip-agsantandreu\/wp-json\/wp\/v2\/posts\/6426\/revisions\/6474"}],"wp:attachment":[{"href":"https:\/\/agora.xtec.cat\/ceip-agsantandreu\/wp-json\/wp\/v2\/media?parent=6426"}],"wp:term":[{"taxonomy":"category","embeddable":true,"href":"https:\/\/agora.xtec.cat\/ceip-agsantandreu\/wp-json\/wp\/v2\/categories?post=6426"},{"taxonomy":"post_tag","embeddable":true,"href":"https:\/\/agora.xtec.cat\/ceip-agsantandreu\/wp-json\/wp\/v2\/tags?post=6426"}],"curies":[{"name":"wp","href":"https:\/\/api.w.org\/{rel}","templated":true}]}}