{"id":6417,"date":"2022-04-25T08:59:24","date_gmt":"2022-04-25T06:59:24","guid":{"rendered":"https:\/\/agora.xtec.cat\/ceip-agsantandreu\/?p=6417"},"modified":"2022-04-25T08:59:24","modified_gmt":"2022-04-25T06:59:24","slug":"sant-jordi-a-educacio-infantil-2","status":"publish","type":"post","link":"https:\/\/agora.xtec.cat\/ceip-agsantandreu\/general\/sant-jordi-a-educacio-infantil-2\/","title":{"rendered":"Sant Jordi a Educaci\u00f3 Infantil"},"content":{"rendered":"<p><img loading=\"lazy\" decoding=\"async\" class=\"aligncenter wp-image-6418\" src=\"https:\/\/agora.xtec.cat\/ceip-agsantandreu\/wp-content\/uploads\/usu37\/2022\/04\/Sant-Jordi-22.jpeg\" alt=\"\" width=\"448\" height=\"336\" srcset=\"https:\/\/agora.xtec.cat\/ceip-agsantandreu\/wp-content\/uploads\/usu37\/2022\/04\/Sant-Jordi-22.jpeg 1600w, https:\/\/agora.xtec.cat\/ceip-agsantandreu\/wp-content\/uploads\/usu37\/2022\/04\/Sant-Jordi-22-300x225.jpeg 300w, https:\/\/agora.xtec.cat\/ceip-agsantandreu\/wp-content\/uploads\/usu37\/2022\/04\/Sant-Jordi-22-1024x768.jpeg 1024w, https:\/\/agora.xtec.cat\/ceip-agsantandreu\/wp-content\/uploads\/usu37\/2022\/04\/Sant-Jordi-22-768x576.jpeg 768w, https:\/\/agora.xtec.cat\/ceip-agsantandreu\/wp-content\/uploads\/usu37\/2022\/04\/Sant-Jordi-22-1536x1152.jpeg 1536w, https:\/\/agora.xtec.cat\/ceip-agsantandreu\/wp-content\/uploads\/usu37\/2022\/04\/Sant-Jordi-22-200x150.jpeg 200w\" sizes=\"auto, (max-width: 448px) 100vw, 448px\" \/><\/p>\n<p>A Educaci\u00f3 Infantil tamb\u00e9 hem fet diferents activitats relacionades amb la Diada de Sant Jordi: <span style=\"font-family: inherit;font-size: 1em\">Hem treballat i escenificat la llegenda, hem fet un llibre i una rosa, hem cantat can\u00e7ons, hem visitat la paradeta de llibres de l&#8217;alumnat de sis\u00e8 i com a cloenda vam poder gaudir, juntament amb les fam\u00edlies, de les danses que hav\u00edem preparat amb tanta il\u00b7lusi\u00f3.<\/span><\/p>\n<p>Si voleu veure una mostra s&#8217;aquestes activitats cliqueu\u00a0 <span style=\"color: #ff0000\"><a href=\"https:\/\/photos.app.goo.gl\/FvqeKwp3BEFte5Vq9\">AQU\u00cd<\/a>.<\/span><\/p>\n","protected":false},"excerpt":{"rendered":"<p>A Educaci\u00f3 Infantil tamb\u00e9 hem fet diferents activitats relacionades amb la Diada de Sant Jordi: Hem treballat i escenificat la llegenda, hem fet un llibre i una rosa, hem cantat can\u00e7ons, hem visitat la paradeta de llibres de l&#8217;alumnat de sis\u00e8 i com a cloenda&hellip;  <a href=\"https:\/\/agora.xtec.cat\/ceip-agsantandreu\/general\/sant-jordi-a-educacio-infantil-2\/\" title=\"Read Sant Jordi a Educaci\u00f3 Infantil\">Llegeix m\u00e9s\u00bb<\/a><\/p>\n","protected":false},"author":3,"featured_media":0,"comment_status":"closed","ping_status":"closed","sticky":false,"template":"","format":"standard","meta":{"_bbp_topic_count":0,"_bbp_reply_count":0,"_bbp_total_topic_count":0,"_bbp_total_reply_count":0,"_bbp_voice_count":0,"_bbp_anonymous_reply_count":0,"_bbp_topic_count_hidden":0,"_bbp_reply_count_hidden":0,"_bbp_forum_subforum_count":0,"footnotes":""},"categories":[2,57,1,4],"tags":[],"class_list":["post-6417","post","type-post","status-publish","format-standard","hentry","category-petits","category-comunitats","category-general","category-portada"],"post_mailing_queue_ids":[],"_links":{"self":[{"href":"https:\/\/agora.xtec.cat\/ceip-agsantandreu\/wp-json\/wp\/v2\/posts\/6417","targetHints":{"allow":["GET"]}}],"collection":[{"href":"https:\/\/agora.xtec.cat\/ceip-agsantandreu\/wp-json\/wp\/v2\/posts"}],"about":[{"href":"https:\/\/agora.xtec.cat\/ceip-agsantandreu\/wp-json\/wp\/v2\/types\/post"}],"author":[{"embeddable":true,"href":"https:\/\/agora.xtec.cat\/ceip-agsantandreu\/wp-json\/wp\/v2\/users\/3"}],"replies":[{"embeddable":true,"href":"https:\/\/agora.xtec.cat\/ceip-agsantandreu\/wp-json\/wp\/v2\/comments?post=6417"}],"version-history":[{"count":3,"href":"https:\/\/agora.xtec.cat\/ceip-agsantandreu\/wp-json\/wp\/v2\/posts\/6417\/revisions"}],"predecessor-version":[{"id":6425,"href":"https:\/\/agora.xtec.cat\/ceip-agsantandreu\/wp-json\/wp\/v2\/posts\/6417\/revisions\/6425"}],"wp:attachment":[{"href":"https:\/\/agora.xtec.cat\/ceip-agsantandreu\/wp-json\/wp\/v2\/media?parent=6417"}],"wp:term":[{"taxonomy":"category","embeddable":true,"href":"https:\/\/agora.xtec.cat\/ceip-agsantandreu\/wp-json\/wp\/v2\/categories?post=6417"},{"taxonomy":"post_tag","embeddable":true,"href":"https:\/\/agora.xtec.cat\/ceip-agsantandreu\/wp-json\/wp\/v2\/tags?post=6417"}],"curies":[{"name":"wp","href":"https:\/\/api.w.org\/{rel}","templated":true}]}}