{"id":6407,"date":"2022-04-22T12:51:50","date_gmt":"2022-04-22T10:51:50","guid":{"rendered":"https:\/\/agora.xtec.cat\/ceip-agsantandreu\/?p=6407"},"modified":"2022-04-29T16:12:50","modified_gmt":"2022-04-29T14:12:50","slug":"diada-de-sant-jordi-jocs-florals-2022","status":"publish","type":"post","link":"https:\/\/agora.xtec.cat\/ceip-agsantandreu\/general\/diada-de-sant-jordi-jocs-florals-2022\/","title":{"rendered":"Diada de Sant Jordi-Jocs Florals 2022"},"content":{"rendered":"<p>Estimades fam\u00edlies!! Despr\u00e9s de molt de temps avui ens hem tornat a retrobar per celebrar la Diada de Sant Jordi i els Jocs Florals. Els nens i nenes de l&#8217;escola han participat en aquesta jornada amb les seves creacions liter\u00e0ries i amb la representaci\u00f3 de les danses que han treballat des de l&#8217;\u00e0rea de m\u00fasica. Ha estat un dia emocionant per a tots i totes perqu\u00e8 ten\u00edem molta il\u00b7lusi\u00f3 de poder compartir amb tots els companys i companyes i amb les fam\u00edlies, tot all\u00f2 que l&#8217;alumnat ha treballat a l&#8217;escola amb molt d&#8217;esfor\u00e7 i il\u00b7lusi\u00f3. Que d&#8217;aqu\u00ed en endavant puguem celebrar tots plegats!!! Bona Diada de Sant Jordi!!<\/p>\n<p><a href=\"https:\/\/agora.xtec.cat\/ceip-agsantandreu\/wp-content\/uploads\/usu37\/2022\/04\/portada-1.jpg\"><img loading=\"lazy\" decoding=\"async\" class=\"aligncenter wp-image-6412\" src=\"https:\/\/agora.xtec.cat\/ceip-agsantandreu\/wp-content\/uploads\/usu37\/2022\/04\/portada-1.jpg\" alt=\"\" width=\"486\" height=\"344\" srcset=\"https:\/\/agora.xtec.cat\/ceip-agsantandreu\/wp-content\/uploads\/usu37\/2022\/04\/portada-1.jpg 2245w, https:\/\/agora.xtec.cat\/ceip-agsantandreu\/wp-content\/uploads\/usu37\/2022\/04\/portada-1-300x212.jpg 300w, https:\/\/agora.xtec.cat\/ceip-agsantandreu\/wp-content\/uploads\/usu37\/2022\/04\/portada-1-1024x724.jpg 1024w, https:\/\/agora.xtec.cat\/ceip-agsantandreu\/wp-content\/uploads\/usu37\/2022\/04\/portada-1-768x543.jpg 768w, https:\/\/agora.xtec.cat\/ceip-agsantandreu\/wp-content\/uploads\/usu37\/2022\/04\/portada-1-1536x1086.jpg 1536w, https:\/\/agora.xtec.cat\/ceip-agsantandreu\/wp-content\/uploads\/usu37\/2022\/04\/portada-1-2048x1448.jpg 2048w\" sizes=\"auto, (max-width: 486px) 100vw, 486px\" \/><\/a><\/p>\n<p><a href=\"https:\/\/photos.app.goo.gl\/W8ifaR2EhqCCRuSf9\">FOTOGRAFIES<\/a><\/p>\n","protected":false},"excerpt":{"rendered":"<p>Estimades fam\u00edlies!! Despr\u00e9s de molt de temps avui ens hem tornat a retrobar per celebrar la Diada de Sant Jordi i els Jocs Florals. Els nens i nenes de l&#8217;escola han participat en aquesta jornada amb les seves creacions liter\u00e0ries i amb la representaci\u00f3 de&hellip;  <a href=\"https:\/\/agora.xtec.cat\/ceip-agsantandreu\/general\/diada-de-sant-jordi-jocs-florals-2022\/\" title=\"Read Diada de Sant Jordi-Jocs Florals 2022\">Llegeix m\u00e9s\u00bb<\/a><\/p>\n","protected":false},"author":3,"featured_media":0,"comment_status":"closed","ping_status":"closed","sticky":false,"template":"","format":"standard","meta":{"_bbp_topic_count":0,"_bbp_reply_count":0,"_bbp_total_topic_count":0,"_bbp_total_reply_count":0,"_bbp_voice_count":0,"_bbp_anonymous_reply_count":0,"_bbp_topic_count_hidden":0,"_bbp_reply_count_hidden":0,"_bbp_forum_subforum_count":0,"footnotes":""},"categories":[1,4],"tags":[],"class_list":["post-6407","post","type-post","status-publish","format-standard","hentry","category-general","category-portada"],"post_mailing_queue_ids":[],"_links":{"self":[{"href":"https:\/\/agora.xtec.cat\/ceip-agsantandreu\/wp-json\/wp\/v2\/posts\/6407","targetHints":{"allow":["GET"]}}],"collection":[{"href":"https:\/\/agora.xtec.cat\/ceip-agsantandreu\/wp-json\/wp\/v2\/posts"}],"about":[{"href":"https:\/\/agora.xtec.cat\/ceip-agsantandreu\/wp-json\/wp\/v2\/types\/post"}],"author":[{"embeddable":true,"href":"https:\/\/agora.xtec.cat\/ceip-agsantandreu\/wp-json\/wp\/v2\/users\/3"}],"replies":[{"embeddable":true,"href":"https:\/\/agora.xtec.cat\/ceip-agsantandreu\/wp-json\/wp\/v2\/comments?post=6407"}],"version-history":[{"count":3,"href":"https:\/\/agora.xtec.cat\/ceip-agsantandreu\/wp-json\/wp\/v2\/posts\/6407\/revisions"}],"predecessor-version":[{"id":6416,"href":"https:\/\/agora.xtec.cat\/ceip-agsantandreu\/wp-json\/wp\/v2\/posts\/6407\/revisions\/6416"}],"wp:attachment":[{"href":"https:\/\/agora.xtec.cat\/ceip-agsantandreu\/wp-json\/wp\/v2\/media?parent=6407"}],"wp:term":[{"taxonomy":"category","embeddable":true,"href":"https:\/\/agora.xtec.cat\/ceip-agsantandreu\/wp-json\/wp\/v2\/categories?post=6407"},{"taxonomy":"post_tag","embeddable":true,"href":"https:\/\/agora.xtec.cat\/ceip-agsantandreu\/wp-json\/wp\/v2\/tags?post=6407"}],"curies":[{"name":"wp","href":"https:\/\/api.w.org\/{rel}","templated":true}]}}