{"id":6395,"date":"2022-04-09T09:08:09","date_gmt":"2022-04-09T07:08:09","guid":{"rendered":"https:\/\/agora.xtec.cat\/ceip-agsantandreu\/?p=6395"},"modified":"2022-06-01T09:27:00","modified_gmt":"2022-06-01T07:27:00","slug":"la-vida-quotidiana-dels-ibers","status":"publish","type":"post","link":"https:\/\/agora.xtec.cat\/ceip-agsantandreu\/general\/la-vida-quotidiana-dels-ibers\/","title":{"rendered":"LA VIDA QUOTIDIANA DELS IBERS"},"content":{"rendered":"<p>El dijous, 7 d&#8217;abril, els alumnes de cinqu\u00e8 van anar a con\u00e8ixer sobre el terreny algunes costums de la vida quotidiana dels ibers.\u00a0 Per aquest motiu, al mat\u00ed van anar a Santa Coloma de Gramenet a visitar el museu &#8220;Torre Balldovina&#8221; on van realitzar diversos tallers relacionats amb la cultura dels ibers, tals com: con\u00e8ixer i practicar la seva escriptura i alfabet, crear una pe\u00e7a de terrissa al torn, moldre gra per fer farina i encunyar una moneda.<\/p>\n<p>Havent dinat, es van despla\u00e7ar al poblat iber de Puig-Castellar on van poder veure les edificacions i con\u00e8ixer molts aspectes m\u00e9s d&#8217;aquesta interessant cultura alhora que gaudien d&#8217;un dia amb molt bona temperatura.<\/p>\n<p><a href=\"https:\/\/photos.app.goo.gl\/YtMhZ1zUqkhNJcKF6\">Aqu\u00ed us deixem una mostra de tot plegat<\/a><\/p>\n<p>&nbsp;<\/p>\n<p><a href=\"https:\/\/agora.xtec.cat\/ceip-agsantandreu\/wp-content\/uploads\/usu37\/2022\/04\/1649411416548-Copy.jpg\"><img loading=\"lazy\" decoding=\"async\" class=\"aligncenter size-full wp-image-6396\" src=\"https:\/\/agora.xtec.cat\/ceip-agsantandreu\/wp-content\/uploads\/usu37\/2022\/04\/1649411416548-Copy.jpg\" alt=\"\" width=\"960\" height=\"720\" srcset=\"https:\/\/agora.xtec.cat\/ceip-agsantandreu\/wp-content\/uploads\/usu37\/2022\/04\/1649411416548-Copy.jpg 960w, https:\/\/agora.xtec.cat\/ceip-agsantandreu\/wp-content\/uploads\/usu37\/2022\/04\/1649411416548-Copy-300x225.jpg 300w, https:\/\/agora.xtec.cat\/ceip-agsantandreu\/wp-content\/uploads\/usu37\/2022\/04\/1649411416548-Copy-768x576.jpg 768w, https:\/\/agora.xtec.cat\/ceip-agsantandreu\/wp-content\/uploads\/usu37\/2022\/04\/1649411416548-Copy-200x150.jpg 200w\" sizes=\"auto, (max-width: 960px) 100vw, 960px\" \/><\/a><\/p>\n","protected":false},"excerpt":{"rendered":"<p>El dijous, 7 d&#8217;abril, els alumnes de cinqu\u00e8 van anar a con\u00e8ixer sobre el terreny algunes costums de la vida quotidiana dels ibers.\u00a0 Per aquest motiu, al mat\u00ed van anar a Santa Coloma de Gramenet a visitar el museu &#8220;Torre Balldovina&#8221; on van realitzar diversos&hellip;  <a href=\"https:\/\/agora.xtec.cat\/ceip-agsantandreu\/general\/la-vida-quotidiana-dels-ibers\/\" title=\"Read LA VIDA QUOTIDIANA DELS IBERS\">Llegeix m\u00e9s\u00bb<\/a><\/p>\n","protected":false},"author":3,"featured_media":6396,"comment_status":"closed","ping_status":"closed","sticky":false,"template":"","format":"standard","meta":{"_bbp_topic_count":0,"_bbp_reply_count":0,"_bbp_total_topic_count":0,"_bbp_total_reply_count":0,"_bbp_voice_count":0,"_bbp_anonymous_reply_count":0,"_bbp_topic_count_hidden":0,"_bbp_reply_count_hidden":0,"_bbp_forum_subforum_count":0,"footnotes":""},"categories":[59,1,4],"tags":[],"class_list":["post-6395","post","type-post","status-publish","format-standard","has-post-thumbnail","hentry","category-grans","category-general","category-portada"],"post_mailing_queue_ids":[],"_links":{"self":[{"href":"https:\/\/agora.xtec.cat\/ceip-agsantandreu\/wp-json\/wp\/v2\/posts\/6395","targetHints":{"allow":["GET"]}}],"collection":[{"href":"https:\/\/agora.xtec.cat\/ceip-agsantandreu\/wp-json\/wp\/v2\/posts"}],"about":[{"href":"https:\/\/agora.xtec.cat\/ceip-agsantandreu\/wp-json\/wp\/v2\/types\/post"}],"author":[{"embeddable":true,"href":"https:\/\/agora.xtec.cat\/ceip-agsantandreu\/wp-json\/wp\/v2\/users\/3"}],"replies":[{"embeddable":true,"href":"https:\/\/agora.xtec.cat\/ceip-agsantandreu\/wp-json\/wp\/v2\/comments?post=6395"}],"version-history":[{"count":1,"href":"https:\/\/agora.xtec.cat\/ceip-agsantandreu\/wp-json\/wp\/v2\/posts\/6395\/revisions"}],"predecessor-version":[{"id":6397,"href":"https:\/\/agora.xtec.cat\/ceip-agsantandreu\/wp-json\/wp\/v2\/posts\/6395\/revisions\/6397"}],"wp:featuredmedia":[{"embeddable":true,"href":"https:\/\/agora.xtec.cat\/ceip-agsantandreu\/wp-json\/wp\/v2\/media\/6396"}],"wp:attachment":[{"href":"https:\/\/agora.xtec.cat\/ceip-agsantandreu\/wp-json\/wp\/v2\/media?parent=6395"}],"wp:term":[{"taxonomy":"category","embeddable":true,"href":"https:\/\/agora.xtec.cat\/ceip-agsantandreu\/wp-json\/wp\/v2\/categories?post=6395"},{"taxonomy":"post_tag","embeddable":true,"href":"https:\/\/agora.xtec.cat\/ceip-agsantandreu\/wp-json\/wp\/v2\/tags?post=6395"}],"curies":[{"name":"wp","href":"https:\/\/api.w.org\/{rel}","templated":true}]}}