{"id":6387,"date":"2022-04-08T13:15:31","date_gmt":"2022-04-08T11:15:31","guid":{"rendered":"https:\/\/agora.xtec.cat\/ceip-agsantandreu\/?p=6387"},"modified":"2022-06-01T09:44:03","modified_gmt":"2022-06-01T07:44:03","slug":"cantata-patuflash","status":"publish","type":"post","link":"https:\/\/agora.xtec.cat\/ceip-agsantandreu\/general\/cantata-patuflash\/","title":{"rendered":"Cantata Patuflash"},"content":{"rendered":"<p style=\"text-align: left;\">El passat dimarts dia 5 d&#8217;abril vam anar al teatre del poble N\u00faria Espert per gravar la can\u00e7\u00f3 &#8220;Idees ben boges&#8221;. Est\u00e0vem molt neguitosos i amb moltes ganes de cantar la nostra can\u00e7\u00f3. Entre micr\u00f2fons ens vam anar col\u00b7locant i vam poder cantar plegats a l&#8217;escenari!!! Ho vam fer molt b\u00e9 i ens va agradar molt!!! Aqu\u00ed teniu unes fotografies d&#8217;aquell moment. <a href=\"https:\/\/photos.app.goo.gl\/FEBCrLxj1vU4kN9J7\">Fotos Patuflash<\/a> \u00a0<a href=\"https:\/\/agora.xtec.cat\/ceip-agsantandreu\/wp-content\/uploads\/usu37\/2022\/04\/WhatsApp-Image-2022-04-08-at-12.48.01-1-Copiar.jpeg\"><img loading=\"lazy\" decoding=\"async\" class=\"aligncenter size-medium wp-image-6389\" src=\"https:\/\/agora.xtec.cat\/ceip-agsantandreu\/wp-content\/uploads\/usu37\/2022\/04\/WhatsApp-Image-2022-04-08-at-12.48.01-1-Copiar-300x225.jpeg\" alt=\"\" width=\"300\" height=\"225\" srcset=\"https:\/\/agora.xtec.cat\/ceip-agsantandreu\/wp-content\/uploads\/usu37\/2022\/04\/WhatsApp-Image-2022-04-08-at-12.48.01-1-Copiar-300x225.jpeg 300w, https:\/\/agora.xtec.cat\/ceip-agsantandreu\/wp-content\/uploads\/usu37\/2022\/04\/WhatsApp-Image-2022-04-08-at-12.48.01-1-Copiar-1024x768.jpeg 1024w, https:\/\/agora.xtec.cat\/ceip-agsantandreu\/wp-content\/uploads\/usu37\/2022\/04\/WhatsApp-Image-2022-04-08-at-12.48.01-1-Copiar-768x576.jpeg 768w, https:\/\/agora.xtec.cat\/ceip-agsantandreu\/wp-content\/uploads\/usu37\/2022\/04\/WhatsApp-Image-2022-04-08-at-12.48.01-1-Copiar-200x150.jpeg 200w, https:\/\/agora.xtec.cat\/ceip-agsantandreu\/wp-content\/uploads\/usu37\/2022\/04\/WhatsApp-Image-2022-04-08-at-12.48.01-1-Copiar.jpeg 1280w\" sizes=\"auto, (max-width: 300px) 100vw, 300px\" \/><\/a><\/p>\n","protected":false},"excerpt":{"rendered":"<p>El passat dimarts dia 5 d&#8217;abril vam anar al teatre del poble N\u00faria Espert per gravar la can\u00e7\u00f3 &#8220;Idees ben boges&#8221;. Est\u00e0vem molt neguitosos i amb moltes ganes de cantar la nostra can\u00e7\u00f3. Entre micr\u00f2fons ens vam anar col\u00b7locant i vam poder cantar plegats a&hellip;  <a href=\"https:\/\/agora.xtec.cat\/ceip-agsantandreu\/general\/cantata-patuflash\/\" title=\"Read Cantata Patuflash\">Llegeix m\u00e9s\u00bb<\/a><\/p>\n","protected":false},"author":3,"featured_media":0,"comment_status":"open","ping_status":"closed","sticky":false,"template":"","format":"standard","meta":{"_bbp_topic_count":0,"_bbp_reply_count":0,"_bbp_total_topic_count":0,"_bbp_total_reply_count":0,"_bbp_voice_count":0,"_bbp_anonymous_reply_count":0,"_bbp_topic_count_hidden":0,"_bbp_reply_count_hidden":0,"_bbp_forum_subforum_count":0,"footnotes":""},"categories":[5,1,4],"tags":[],"class_list":["post-6387","post","type-post","status-publish","format-standard","hentry","category-mitjans","category-general","category-portada"],"post_mailing_queue_ids":[],"_links":{"self":[{"href":"https:\/\/agora.xtec.cat\/ceip-agsantandreu\/wp-json\/wp\/v2\/posts\/6387","targetHints":{"allow":["GET"]}}],"collection":[{"href":"https:\/\/agora.xtec.cat\/ceip-agsantandreu\/wp-json\/wp\/v2\/posts"}],"about":[{"href":"https:\/\/agora.xtec.cat\/ceip-agsantandreu\/wp-json\/wp\/v2\/types\/post"}],"author":[{"embeddable":true,"href":"https:\/\/agora.xtec.cat\/ceip-agsantandreu\/wp-json\/wp\/v2\/users\/3"}],"replies":[{"embeddable":true,"href":"https:\/\/agora.xtec.cat\/ceip-agsantandreu\/wp-json\/wp\/v2\/comments?post=6387"}],"version-history":[{"count":3,"href":"https:\/\/agora.xtec.cat\/ceip-agsantandreu\/wp-json\/wp\/v2\/posts\/6387\/revisions"}],"predecessor-version":[{"id":6559,"href":"https:\/\/agora.xtec.cat\/ceip-agsantandreu\/wp-json\/wp\/v2\/posts\/6387\/revisions\/6559"}],"wp:attachment":[{"href":"https:\/\/agora.xtec.cat\/ceip-agsantandreu\/wp-json\/wp\/v2\/media?parent=6387"}],"wp:term":[{"taxonomy":"category","embeddable":true,"href":"https:\/\/agora.xtec.cat\/ceip-agsantandreu\/wp-json\/wp\/v2\/categories?post=6387"},{"taxonomy":"post_tag","embeddable":true,"href":"https:\/\/agora.xtec.cat\/ceip-agsantandreu\/wp-json\/wp\/v2\/tags?post=6387"}],"curies":[{"name":"wp","href":"https:\/\/api.w.org\/{rel}","templated":true}]}}