{"id":6363,"date":"2022-04-01T13:14:28","date_gmt":"2022-04-01T11:14:28","guid":{"rendered":"https:\/\/agora.xtec.cat\/ceip-agsantandreu\/?p=6363"},"modified":"2022-04-07T15:11:55","modified_gmt":"2022-04-07T13:11:55","slug":"anem-a-fer-gimnastica-artistica-3r","status":"publish","type":"post","link":"https:\/\/agora.xtec.cat\/ceip-agsantandreu\/general\/anem-a-fer-gimnastica-artistica-3r\/","title":{"rendered":"Anem a fer Gimn\u00e0stica Art\u00edstica (3r)"},"content":{"rendered":"<p>Divendres 1 d&#8217;abril els alumnes de tercer, hem anat a practicar gimn\u00e0stica art\u00edstica al gimn\u00e0stic club de Sant Andreu de la Barca.\u00a0 Hem practicat molts salts i hem fet tombarelles , a m\u00e9s de pujar a les paral.leles i fer equilibri a les barres. Ens ho hem passat molt b\u00e9!!!!<\/p>\n<p><a href=\"https:\/\/photos.app.goo.gl\/YpYjgRNct62KDwEx8\">Fotos<\/a><a href=\"https:\/\/agora.xtec.cat\/ceip-agsantandreu\/wp-content\/uploads\/usu37\/2022\/04\/0b790319-c094-461d-aa37-1b42e463d304-Copiar.jpg\"><img loading=\"lazy\" decoding=\"async\" class=\"aligncenter size-medium wp-image-6364\" src=\"https:\/\/agora.xtec.cat\/ceip-agsantandreu\/wp-content\/uploads\/usu37\/2022\/04\/0b790319-c094-461d-aa37-1b42e463d304-Copiar-300x169.jpg\" alt=\"\" width=\"300\" height=\"169\" srcset=\"https:\/\/agora.xtec.cat\/ceip-agsantandreu\/wp-content\/uploads\/usu37\/2022\/04\/0b790319-c094-461d-aa37-1b42e463d304-Copiar-300x169.jpg 300w, https:\/\/agora.xtec.cat\/ceip-agsantandreu\/wp-content\/uploads\/usu37\/2022\/04\/0b790319-c094-461d-aa37-1b42e463d304-Copiar-1024x576.jpg 1024w, https:\/\/agora.xtec.cat\/ceip-agsantandreu\/wp-content\/uploads\/usu37\/2022\/04\/0b790319-c094-461d-aa37-1b42e463d304-Copiar-768x432.jpg 768w, https:\/\/agora.xtec.cat\/ceip-agsantandreu\/wp-content\/uploads\/usu37\/2022\/04\/0b790319-c094-461d-aa37-1b42e463d304-Copiar.jpg 1040w\" sizes=\"auto, (max-width: 300px) 100vw, 300px\" \/><\/a><\/p>\n","protected":false},"excerpt":{"rendered":"<p>Divendres 1 d&#8217;abril els alumnes de tercer, hem anat a practicar gimn\u00e0stica art\u00edstica al gimn\u00e0stic club de Sant Andreu de la Barca.\u00a0 Hem practicat molts salts i hem fet tombarelles , a m\u00e9s de pujar a les paral.leles i fer equilibri a les barres. Ens&hellip;  <a href=\"https:\/\/agora.xtec.cat\/ceip-agsantandreu\/general\/anem-a-fer-gimnastica-artistica-3r\/\" title=\"Read Anem a fer Gimn\u00e0stica Art\u00edstica (3r)\">Llegeix m\u00e9s\u00bb<\/a><\/p>\n","protected":false},"author":3,"featured_media":0,"comment_status":"open","ping_status":"closed","sticky":false,"template":"","format":"standard","meta":{"_bbp_topic_count":0,"_bbp_reply_count":0,"_bbp_total_topic_count":0,"_bbp_total_reply_count":0,"_bbp_voice_count":0,"_bbp_anonymous_reply_count":0,"_bbp_topic_count_hidden":0,"_bbp_reply_count_hidden":0,"_bbp_forum_subforum_count":0,"footnotes":""},"categories":[58,1,4],"tags":[],"class_list":["post-6363","post","type-post","status-publish","format-standard","hentry","category-mitjans-mitjans","category-general","category-portada"],"post_mailing_queue_ids":[],"_links":{"self":[{"href":"https:\/\/agora.xtec.cat\/ceip-agsantandreu\/wp-json\/wp\/v2\/posts\/6363","targetHints":{"allow":["GET"]}}],"collection":[{"href":"https:\/\/agora.xtec.cat\/ceip-agsantandreu\/wp-json\/wp\/v2\/posts"}],"about":[{"href":"https:\/\/agora.xtec.cat\/ceip-agsantandreu\/wp-json\/wp\/v2\/types\/post"}],"author":[{"embeddable":true,"href":"https:\/\/agora.xtec.cat\/ceip-agsantandreu\/wp-json\/wp\/v2\/users\/3"}],"replies":[{"embeddable":true,"href":"https:\/\/agora.xtec.cat\/ceip-agsantandreu\/wp-json\/wp\/v2\/comments?post=6363"}],"version-history":[{"count":3,"href":"https:\/\/agora.xtec.cat\/ceip-agsantandreu\/wp-json\/wp\/v2\/posts\/6363\/revisions"}],"predecessor-version":[{"id":6377,"href":"https:\/\/agora.xtec.cat\/ceip-agsantandreu\/wp-json\/wp\/v2\/posts\/6363\/revisions\/6377"}],"wp:attachment":[{"href":"https:\/\/agora.xtec.cat\/ceip-agsantandreu\/wp-json\/wp\/v2\/media?parent=6363"}],"wp:term":[{"taxonomy":"category","embeddable":true,"href":"https:\/\/agora.xtec.cat\/ceip-agsantandreu\/wp-json\/wp\/v2\/categories?post=6363"},{"taxonomy":"post_tag","embeddable":true,"href":"https:\/\/agora.xtec.cat\/ceip-agsantandreu\/wp-json\/wp\/v2\/tags?post=6363"}],"curies":[{"name":"wp","href":"https:\/\/api.w.org\/{rel}","templated":true}]}}