{"id":6331,"date":"2022-03-24T13:52:16","date_gmt":"2022-03-24T12:52:16","guid":{"rendered":"https:\/\/agora.xtec.cat\/ceip-agsantandreu\/?p=6331"},"modified":"2022-03-24T13:52:16","modified_gmt":"2022-03-24T12:52:16","slug":"taller-p4-stop-accidents","status":"publish","type":"post","link":"https:\/\/agora.xtec.cat\/ceip-agsantandreu\/general\/taller-p4-stop-accidents\/","title":{"rendered":"TALLER P4: &#8220;STOP ACCIDENTS&#8221;"},"content":{"rendered":"<p><span style=\"color: #000000\">Aquesta setmana van venir a fer-nos un Taller molt interessant a l&#8217;escola sobre com hem d&#8217;anar caminant pel carrer tots els vianants. Ens van explicar que el m\u00e9s important \u00e9s mirar els sem\u00e0fors, quan est\u00e0<span style=\"color: #99cc00\"><strong> verd<\/strong><\/span><\/span><span style=\"color: #000000;font-family: inherit;font-size: 1em\"><strong>\u00a0<\/strong>podem passar, per\u00f2 quan est\u00e0 <span style=\"color: #ff0000\"><strong>vermell<\/strong>\u00a0<span style=\"color: #000000\">hem de parar. I sempre creuar pel pas de zebra o pas de vianants. <\/span><\/span><\/span><span style=\"color: #000000;font-family: inherit;font-size: 1em\"><span style=\"color: #ff0000\"><span style=\"color: #000000\">Vam veure un v\u00eddeo molt xulo, vam cantar una can\u00e7\u00f3 i vam fer un joc molt divertit!!<\/span><\/span><\/span><\/p>\n<p style=\"text-align: center\"><img loading=\"lazy\" decoding=\"async\" class=\"aligncenter size-medium wp-image-6332\" src=\"https:\/\/agora.xtec.cat\/ceip-agsantandreu\/wp-content\/uploads\/usu37\/2022\/03\/portada-1-300x225.jpg\" alt=\"\" width=\"300\" height=\"225\" srcset=\"https:\/\/agora.xtec.cat\/ceip-agsantandreu\/wp-content\/uploads\/usu37\/2022\/03\/portada-1-300x225.jpg 300w, https:\/\/agora.xtec.cat\/ceip-agsantandreu\/wp-content\/uploads\/usu37\/2022\/03\/portada-1-1024x768.jpg 1024w, https:\/\/agora.xtec.cat\/ceip-agsantandreu\/wp-content\/uploads\/usu37\/2022\/03\/portada-1-768x576.jpg 768w, https:\/\/agora.xtec.cat\/ceip-agsantandreu\/wp-content\/uploads\/usu37\/2022\/03\/portada-1-1536x1152.jpg 1536w, https:\/\/agora.xtec.cat\/ceip-agsantandreu\/wp-content\/uploads\/usu37\/2022\/03\/portada-1-200x150.jpg 200w, https:\/\/agora.xtec.cat\/ceip-agsantandreu\/wp-content\/uploads\/usu37\/2022\/03\/portada-1.jpg 1600w\" sizes=\"auto, (max-width: 300px) 100vw, 300px\" \/><a style=\"font-family: inherit;font-size: 1em\" href=\"https:\/\/photos.app.goo.gl\/uKoBCBSvMrr2C8XW9\">Fotografies\u00a0<\/a><\/p>\n","protected":false},"excerpt":{"rendered":"<p>Aquesta setmana van venir a fer-nos un Taller molt interessant a l&#8217;escola sobre com hem d&#8217;anar caminant pel carrer tots els vianants. Ens van explicar que el m\u00e9s important \u00e9s mirar els sem\u00e0fors, quan est\u00e0 verd\u00a0podem passar, per\u00f2 quan est\u00e0 vermell\u00a0hem de parar. I sempre&hellip;  <a href=\"https:\/\/agora.xtec.cat\/ceip-agsantandreu\/general\/taller-p4-stop-accidents\/\" title=\"Read TALLER P4: &#8220;STOP ACCIDENTS&#8221;\">Llegeix m\u00e9s\u00bb<\/a><\/p>\n","protected":false},"author":3,"featured_media":0,"comment_status":"closed","ping_status":"closed","sticky":false,"template":"","format":"standard","meta":{"_bbp_topic_count":0,"_bbp_reply_count":0,"_bbp_total_topic_count":0,"_bbp_total_reply_count":0,"_bbp_voice_count":0,"_bbp_anonymous_reply_count":0,"_bbp_topic_count_hidden":0,"_bbp_reply_count_hidden":0,"_bbp_forum_subforum_count":0,"footnotes":""},"categories":[2,1,4],"tags":[],"class_list":["post-6331","post","type-post","status-publish","format-standard","hentry","category-petits","category-general","category-portada"],"post_mailing_queue_ids":[],"_links":{"self":[{"href":"https:\/\/agora.xtec.cat\/ceip-agsantandreu\/wp-json\/wp\/v2\/posts\/6331","targetHints":{"allow":["GET"]}}],"collection":[{"href":"https:\/\/agora.xtec.cat\/ceip-agsantandreu\/wp-json\/wp\/v2\/posts"}],"about":[{"href":"https:\/\/agora.xtec.cat\/ceip-agsantandreu\/wp-json\/wp\/v2\/types\/post"}],"author":[{"embeddable":true,"href":"https:\/\/agora.xtec.cat\/ceip-agsantandreu\/wp-json\/wp\/v2\/users\/3"}],"replies":[{"embeddable":true,"href":"https:\/\/agora.xtec.cat\/ceip-agsantandreu\/wp-json\/wp\/v2\/comments?post=6331"}],"version-history":[{"count":3,"href":"https:\/\/agora.xtec.cat\/ceip-agsantandreu\/wp-json\/wp\/v2\/posts\/6331\/revisions"}],"predecessor-version":[{"id":6338,"href":"https:\/\/agora.xtec.cat\/ceip-agsantandreu\/wp-json\/wp\/v2\/posts\/6331\/revisions\/6338"}],"wp:attachment":[{"href":"https:\/\/agora.xtec.cat\/ceip-agsantandreu\/wp-json\/wp\/v2\/media?parent=6331"}],"wp:term":[{"taxonomy":"category","embeddable":true,"href":"https:\/\/agora.xtec.cat\/ceip-agsantandreu\/wp-json\/wp\/v2\/categories?post=6331"},{"taxonomy":"post_tag","embeddable":true,"href":"https:\/\/agora.xtec.cat\/ceip-agsantandreu\/wp-json\/wp\/v2\/tags?post=6331"}],"curies":[{"name":"wp","href":"https:\/\/api.w.org\/{rel}","templated":true}]}}