{"id":6230,"date":"2022-02-16T23:38:20","date_gmt":"2022-02-16T22:38:20","guid":{"rendered":"https:\/\/agora.xtec.cat\/ceip-agsantandreu\/?p=6230"},"modified":"2022-02-17T16:28:16","modified_gmt":"2022-02-17T15:28:16","slug":"bim-bom-a-p3","status":"publish","type":"post","link":"https:\/\/agora.xtec.cat\/ceip-agsantandreu\/general\/bim-bom-a-p3\/","title":{"rendered":"BIM BOM a P3"},"content":{"rendered":"<p>Benvolgudes fam\u00edlies,<\/p>\n<p>Els dies que fem psicomotricitat el mig grup que es queda a la classe aprofitem per fer aquest joc per parelles&#8230;entre d\u2019 altres exercicis&#8230;<\/p>\n<p><strong><em>&#8220;Bim, bom, bim, bom, les campanes de Salom toquen a festa i fan bim, bom. Bim, bom!&#8221;<\/em><\/strong><\/p>\n<p>\u00c9s un joc de falda per fer balanceig endavant i endarrere. Cal seure de cara i agafar-se de les mans. Amb la mirada acompanyem el moviment del cos. Aquest exercici ajuda a prendre consci\u00e8ncia de diferents sensacions a trav\u00e9s del propi cos. I ho fan molt b\u00e9!!!<\/p>\n<p><a href=\"https:\/\/agora.xtec.cat\/ceip-agsantandreu\/wp-content\/uploads\/usu37\/2022\/02\/IMG-20220216-WA0003.jpg\"><img loading=\"lazy\" decoding=\"async\" class=\"aligncenter wp-image-6231\" src=\"https:\/\/agora.xtec.cat\/ceip-agsantandreu\/wp-content\/uploads\/usu37\/2022\/02\/IMG-20220216-WA0003-300x225.jpg\" alt=\"\" width=\"363\" height=\"272\" srcset=\"https:\/\/agora.xtec.cat\/ceip-agsantandreu\/wp-content\/uploads\/usu37\/2022\/02\/IMG-20220216-WA0003-300x225.jpg 300w, https:\/\/agora.xtec.cat\/ceip-agsantandreu\/wp-content\/uploads\/usu37\/2022\/02\/IMG-20220216-WA0003-1024x768.jpg 1024w, https:\/\/agora.xtec.cat\/ceip-agsantandreu\/wp-content\/uploads\/usu37\/2022\/02\/IMG-20220216-WA0003-768x576.jpg 768w, https:\/\/agora.xtec.cat\/ceip-agsantandreu\/wp-content\/uploads\/usu37\/2022\/02\/IMG-20220216-WA0003-1536x1152.jpg 1536w, https:\/\/agora.xtec.cat\/ceip-agsantandreu\/wp-content\/uploads\/usu37\/2022\/02\/IMG-20220216-WA0003-200x150.jpg 200w, https:\/\/agora.xtec.cat\/ceip-agsantandreu\/wp-content\/uploads\/usu37\/2022\/02\/IMG-20220216-WA0003.jpg 2048w\" sizes=\"auto, (max-width: 363px) 100vw, 363px\" \/><\/a><\/p>\n<p><a href=\"https:\/\/photos.app.goo.gl\/BH8GqrLgJTnCmeZx7\">Fotos Bim bom a P3<\/a><\/p>\n","protected":false},"excerpt":{"rendered":"<p>Benvolgudes fam\u00edlies,<br \/>\nEls dies que fem psicomotricitat el mig grup que es queda a la classe aprofitem per fer aquest joc per parelles&#8230;entre d\u2019 altres exercicis&#8230;<br \/>\n&#8220;Bim, bom, bim, bom, les campanes de Salom toquen a festa i fan bim, bom. Bim, bom!&#8221;<br \/>\n\u00c9s un joc de falda&hellip;  <a href=\"https:\/\/agora.xtec.cat\/ceip-agsantandreu\/general\/bim-bom-a-p3\/\" title=\"Read BIM BOM a P3\">Llegeix m\u00e9s\u00bb<\/a><\/p>\n","protected":false},"author":3,"featured_media":0,"comment_status":"closed","ping_status":"closed","sticky":false,"template":"","format":"standard","meta":{"_bbp_topic_count":0,"_bbp_reply_count":0,"_bbp_total_topic_count":0,"_bbp_total_reply_count":0,"_bbp_voice_count":0,"_bbp_anonymous_reply_count":0,"_bbp_topic_count_hidden":0,"_bbp_reply_count_hidden":0,"_bbp_forum_subforum_count":0,"footnotes":""},"categories":[2,1,4],"tags":[],"class_list":["post-6230","post","type-post","status-publish","format-standard","hentry","category-petits","category-general","category-portada"],"post_mailing_queue_ids":[],"_links":{"self":[{"href":"https:\/\/agora.xtec.cat\/ceip-agsantandreu\/wp-json\/wp\/v2\/posts\/6230","targetHints":{"allow":["GET"]}}],"collection":[{"href":"https:\/\/agora.xtec.cat\/ceip-agsantandreu\/wp-json\/wp\/v2\/posts"}],"about":[{"href":"https:\/\/agora.xtec.cat\/ceip-agsantandreu\/wp-json\/wp\/v2\/types\/post"}],"author":[{"embeddable":true,"href":"https:\/\/agora.xtec.cat\/ceip-agsantandreu\/wp-json\/wp\/v2\/users\/3"}],"replies":[{"embeddable":true,"href":"https:\/\/agora.xtec.cat\/ceip-agsantandreu\/wp-json\/wp\/v2\/comments?post=6230"}],"version-history":[{"count":3,"href":"https:\/\/agora.xtec.cat\/ceip-agsantandreu\/wp-json\/wp\/v2\/posts\/6230\/revisions"}],"predecessor-version":[{"id":6237,"href":"https:\/\/agora.xtec.cat\/ceip-agsantandreu\/wp-json\/wp\/v2\/posts\/6230\/revisions\/6237"}],"wp:attachment":[{"href":"https:\/\/agora.xtec.cat\/ceip-agsantandreu\/wp-json\/wp\/v2\/media?parent=6230"}],"wp:term":[{"taxonomy":"category","embeddable":true,"href":"https:\/\/agora.xtec.cat\/ceip-agsantandreu\/wp-json\/wp\/v2\/categories?post=6230"},{"taxonomy":"post_tag","embeddable":true,"href":"https:\/\/agora.xtec.cat\/ceip-agsantandreu\/wp-json\/wp\/v2\/tags?post=6230"}],"curies":[{"name":"wp","href":"https:\/\/api.w.org\/{rel}","templated":true}]}}