{"id":6206,"date":"2022-02-07T13:32:42","date_gmt":"2022-02-07T12:32:42","guid":{"rendered":"https:\/\/agora.xtec.cat\/ceip-agsantandreu\/?p=6206"},"modified":"2022-02-07T13:32:42","modified_gmt":"2022-02-07T12:32:42","slug":"el-dia-de-la-pau-a-4t-2","status":"publish","type":"post","link":"https:\/\/agora.xtec.cat\/ceip-agsantandreu\/general\/el-dia-de-la-pau-a-4t-2\/","title":{"rendered":"El Dia de la Pau a 4t"},"content":{"rendered":"<p>Els nens i nenes de 4t de prim\u00e0ria vam dedicar l&#8217;hora de Valors per parlar de la Pau i fer aquesta activitat tan interessant celebrant aix\u00ed el dia de la Pau. Aqu\u00ed us deixem un recull de fotos del proc\u00e9s i del resultat. Cliqueu sobre la foto per veure m\u00e9s!<\/p>\n<p><a href=\"https:\/\/photos.app.goo.gl\/ixmDNZ2zUdcKjNaW8\"><img loading=\"lazy\" decoding=\"async\" class=\"aligncenter wp-image-6207 size-medium\" src=\"https:\/\/agora.xtec.cat\/ceip-agsantandreu\/wp-content\/uploads\/usu37\/2022\/02\/WhatsApp-Image-2022-02-07-at-1.05.47-PM-300x225.jpeg\" alt=\"\" width=\"300\" height=\"225\" srcset=\"https:\/\/agora.xtec.cat\/ceip-agsantandreu\/wp-content\/uploads\/usu37\/2022\/02\/WhatsApp-Image-2022-02-07-at-1.05.47-PM-300x225.jpeg 300w, https:\/\/agora.xtec.cat\/ceip-agsantandreu\/wp-content\/uploads\/usu37\/2022\/02\/WhatsApp-Image-2022-02-07-at-1.05.47-PM-768x576.jpeg 768w, https:\/\/agora.xtec.cat\/ceip-agsantandreu\/wp-content\/uploads\/usu37\/2022\/02\/WhatsApp-Image-2022-02-07-at-1.05.47-PM-200x150.jpeg 200w, https:\/\/agora.xtec.cat\/ceip-agsantandreu\/wp-content\/uploads\/usu37\/2022\/02\/WhatsApp-Image-2022-02-07-at-1.05.47-PM.jpeg 1024w\" sizes=\"auto, (max-width: 300px) 100vw, 300px\" \/><\/a><\/p>\n","protected":false},"excerpt":{"rendered":"<p>Els nens i nenes de 4t de prim\u00e0ria vam dedicar l&#8217;hora de Valors per parlar de la Pau i fer aquesta activitat tan interessant celebrant aix\u00ed el dia de la Pau. Aqu\u00ed us deixem un recull de fotos del proc\u00e9s i del resultat. Cliqueu sobre&hellip;  <a href=\"https:\/\/agora.xtec.cat\/ceip-agsantandreu\/general\/el-dia-de-la-pau-a-4t-2\/\" title=\"Read El Dia de la Pau a 4t\">Llegeix m\u00e9s\u00bb<\/a><\/p>\n","protected":false},"author":3,"featured_media":0,"comment_status":"open","ping_status":"closed","sticky":false,"template":"","format":"standard","meta":{"_bbp_topic_count":0,"_bbp_reply_count":0,"_bbp_total_topic_count":0,"_bbp_total_reply_count":0,"_bbp_voice_count":0,"_bbp_anonymous_reply_count":0,"_bbp_topic_count_hidden":0,"_bbp_reply_count_hidden":0,"_bbp_forum_subforum_count":0,"footnotes":""},"categories":[58,1,4],"tags":[],"class_list":["post-6206","post","type-post","status-publish","format-standard","hentry","category-mitjans-mitjans","category-general","category-portada"],"post_mailing_queue_ids":[],"_links":{"self":[{"href":"https:\/\/agora.xtec.cat\/ceip-agsantandreu\/wp-json\/wp\/v2\/posts\/6206","targetHints":{"allow":["GET"]}}],"collection":[{"href":"https:\/\/agora.xtec.cat\/ceip-agsantandreu\/wp-json\/wp\/v2\/posts"}],"about":[{"href":"https:\/\/agora.xtec.cat\/ceip-agsantandreu\/wp-json\/wp\/v2\/types\/post"}],"author":[{"embeddable":true,"href":"https:\/\/agora.xtec.cat\/ceip-agsantandreu\/wp-json\/wp\/v2\/users\/3"}],"replies":[{"embeddable":true,"href":"https:\/\/agora.xtec.cat\/ceip-agsantandreu\/wp-json\/wp\/v2\/comments?post=6206"}],"version-history":[{"count":2,"href":"https:\/\/agora.xtec.cat\/ceip-agsantandreu\/wp-json\/wp\/v2\/posts\/6206\/revisions"}],"predecessor-version":[{"id":6209,"href":"https:\/\/agora.xtec.cat\/ceip-agsantandreu\/wp-json\/wp\/v2\/posts\/6206\/revisions\/6209"}],"wp:attachment":[{"href":"https:\/\/agora.xtec.cat\/ceip-agsantandreu\/wp-json\/wp\/v2\/media?parent=6206"}],"wp:term":[{"taxonomy":"category","embeddable":true,"href":"https:\/\/agora.xtec.cat\/ceip-agsantandreu\/wp-json\/wp\/v2\/categories?post=6206"},{"taxonomy":"post_tag","embeddable":true,"href":"https:\/\/agora.xtec.cat\/ceip-agsantandreu\/wp-json\/wp\/v2\/tags?post=6206"}],"curies":[{"name":"wp","href":"https:\/\/api.w.org\/{rel}","templated":true}]}}