{"id":6187,"date":"2022-02-04T13:23:45","date_gmt":"2022-02-04T12:23:45","guid":{"rendered":"https:\/\/agora.xtec.cat\/ceip-agsantandreu\/?p=6187"},"modified":"2022-02-13T14:05:23","modified_gmt":"2022-02-13T13:05:23","slug":"salvem-el-mar-3r","status":"publish","type":"post","link":"https:\/\/agora.xtec.cat\/ceip-agsantandreu\/general\/salvem-el-mar-3r\/","title":{"rendered":"Salvem el mar (3r)"},"content":{"rendered":"<p>Durant aquesta setmana els alumnes de tercer hem treballat la conservaci\u00f3 dels mars i oceans.\u00a0 Quins s\u00f3n els aspectes que el perjudiquen i com podem posar soluci\u00f3 a la contaminaci\u00f3 al mar. Ens ha agradat molt treballar aquest tema ja que \u00e9s molt important conservar i cuidar el nostre planeta.\u00a0\u00a0<a href=\"https:\/\/photos.app.goo.gl\/X3jjA3d3Y5YGYGLH8\">Fotos<\/a><\/p>\n<p><a href=\"https:\/\/agora.xtec.cat\/ceip-agsantandreu\/wp-content\/uploads\/usu37\/2022\/02\/e77602d6-6c00-41bf-b453-5fc0f6affea1-Copiar.jpg\"><img loading=\"lazy\" decoding=\"async\" class=\"aligncenter size-medium wp-image-6188\" src=\"https:\/\/agora.xtec.cat\/ceip-agsantandreu\/wp-content\/uploads\/usu37\/2022\/02\/e77602d6-6c00-41bf-b453-5fc0f6affea1-Copiar-300x225.jpg\" alt=\"\" width=\"300\" height=\"225\" srcset=\"https:\/\/agora.xtec.cat\/ceip-agsantandreu\/wp-content\/uploads\/usu37\/2022\/02\/e77602d6-6c00-41bf-b453-5fc0f6affea1-Copiar-300x225.jpg 300w, https:\/\/agora.xtec.cat\/ceip-agsantandreu\/wp-content\/uploads\/usu37\/2022\/02\/e77602d6-6c00-41bf-b453-5fc0f6affea1-Copiar-1024x768.jpg 1024w, https:\/\/agora.xtec.cat\/ceip-agsantandreu\/wp-content\/uploads\/usu37\/2022\/02\/e77602d6-6c00-41bf-b453-5fc0f6affea1-Copiar-768x576.jpg 768w, https:\/\/agora.xtec.cat\/ceip-agsantandreu\/wp-content\/uploads\/usu37\/2022\/02\/e77602d6-6c00-41bf-b453-5fc0f6affea1-Copiar-200x150.jpg 200w, https:\/\/agora.xtec.cat\/ceip-agsantandreu\/wp-content\/uploads\/usu37\/2022\/02\/e77602d6-6c00-41bf-b453-5fc0f6affea1-Copiar.jpg 1280w\" sizes=\"auto, (max-width: 300px) 100vw, 300px\" \/><\/a><\/p>\n","protected":false},"excerpt":{"rendered":"<p>Durant aquesta setmana els alumnes de tercer hem treballat la conservaci\u00f3 dels mars i oceans.\u00a0 Quins s\u00f3n els aspectes que el perjudiquen i com podem posar soluci\u00f3 a la contaminaci\u00f3 al mar. Ens ha agradat molt treballar aquest tema ja que \u00e9s molt important conservar&hellip;  <a href=\"https:\/\/agora.xtec.cat\/ceip-agsantandreu\/general\/salvem-el-mar-3r\/\" title=\"Read Salvem el mar (3r)\">Llegeix m\u00e9s\u00bb<\/a><\/p>\n","protected":false},"author":3,"featured_media":0,"comment_status":"open","ping_status":"closed","sticky":false,"template":"","format":"standard","meta":{"_bbp_topic_count":0,"_bbp_reply_count":0,"_bbp_total_topic_count":0,"_bbp_total_reply_count":0,"_bbp_voice_count":0,"_bbp_anonymous_reply_count":0,"_bbp_topic_count_hidden":0,"_bbp_reply_count_hidden":0,"_bbp_forum_subforum_count":0,"footnotes":""},"categories":[58,1,4],"tags":[],"class_list":["post-6187","post","type-post","status-publish","format-standard","hentry","category-mitjans-mitjans","category-general","category-portada"],"post_mailing_queue_ids":[],"_links":{"self":[{"href":"https:\/\/agora.xtec.cat\/ceip-agsantandreu\/wp-json\/wp\/v2\/posts\/6187","targetHints":{"allow":["GET"]}}],"collection":[{"href":"https:\/\/agora.xtec.cat\/ceip-agsantandreu\/wp-json\/wp\/v2\/posts"}],"about":[{"href":"https:\/\/agora.xtec.cat\/ceip-agsantandreu\/wp-json\/wp\/v2\/types\/post"}],"author":[{"embeddable":true,"href":"https:\/\/agora.xtec.cat\/ceip-agsantandreu\/wp-json\/wp\/v2\/users\/3"}],"replies":[{"embeddable":true,"href":"https:\/\/agora.xtec.cat\/ceip-agsantandreu\/wp-json\/wp\/v2\/comments?post=6187"}],"version-history":[{"count":2,"href":"https:\/\/agora.xtec.cat\/ceip-agsantandreu\/wp-json\/wp\/v2\/posts\/6187\/revisions"}],"predecessor-version":[{"id":6222,"href":"https:\/\/agora.xtec.cat\/ceip-agsantandreu\/wp-json\/wp\/v2\/posts\/6187\/revisions\/6222"}],"wp:attachment":[{"href":"https:\/\/agora.xtec.cat\/ceip-agsantandreu\/wp-json\/wp\/v2\/media?parent=6187"}],"wp:term":[{"taxonomy":"category","embeddable":true,"href":"https:\/\/agora.xtec.cat\/ceip-agsantandreu\/wp-json\/wp\/v2\/categories?post=6187"},{"taxonomy":"post_tag","embeddable":true,"href":"https:\/\/agora.xtec.cat\/ceip-agsantandreu\/wp-json\/wp\/v2\/tags?post=6187"}],"curies":[{"name":"wp","href":"https:\/\/api.w.org\/{rel}","templated":true}]}}