{"id":6160,"date":"2022-02-01T12:00:25","date_gmt":"2022-02-01T11:00:25","guid":{"rendered":"https:\/\/agora.xtec.cat\/ceip-agsantandreu\/?p=6160"},"modified":"2022-02-01T15:36:27","modified_gmt":"2022-02-01T14:36:27","slug":"aportacio-ampa-recollida-banc-aliments","status":"publish","type":"post","link":"https:\/\/agora.xtec.cat\/ceip-agsantandreu\/afa\/aportacio-ampa-recollida-banc-aliments\/","title":{"rendered":"APORTACI\u00d3 AMPA RECOLLIDA BANC ALIMENTS"},"content":{"rendered":"<p>Hola fam\u00edlies!<\/p>\n<p>L&#8217;Ampa va fer una aportaci\u00f3 en l&#8217;\u00faltima campanya de recollida d&#8217;aliments en nom de tots els seus socis. Varem comprar, principalment, aquells productes que per a les fam\u00edlies \u00e9s m\u00e9s dif\u00edcil aportar pel seu cost econ\u00f2mic.<\/p>\n","protected":false},"excerpt":{"rendered":"<p>Hola fam\u00edlies!<br \/>\nL&#8217;Ampa va fer una aportaci\u00f3 en l&#8217;\u00faltima campanya de recollida d&#8217;aliments en nom de tots els seus socis. Varem comprar, principalment, aquells productes que per a les fam\u00edlies \u00e9s m\u00e9s dif\u00edcil aportar pel seu cost econ\u00f2mic.<\/p>\n","protected":false},"author":6,"featured_media":6171,"comment_status":"closed","ping_status":"closed","sticky":false,"template":"","format":"standard","meta":{"_bbp_topic_count":0,"_bbp_reply_count":0,"_bbp_total_topic_count":0,"_bbp_total_reply_count":0,"_bbp_voice_count":0,"_bbp_anonymous_reply_count":0,"_bbp_topic_count_hidden":0,"_bbp_reply_count_hidden":0,"_bbp_forum_subforum_count":0,"footnotes":""},"categories":[7],"tags":[],"class_list":["post-6160","post","type-post","status-publish","format-standard","has-post-thumbnail","hentry","category-afa"],"post_mailing_queue_ids":[],"_links":{"self":[{"href":"https:\/\/agora.xtec.cat\/ceip-agsantandreu\/wp-json\/wp\/v2\/posts\/6160","targetHints":{"allow":["GET"]}}],"collection":[{"href":"https:\/\/agora.xtec.cat\/ceip-agsantandreu\/wp-json\/wp\/v2\/posts"}],"about":[{"href":"https:\/\/agora.xtec.cat\/ceip-agsantandreu\/wp-json\/wp\/v2\/types\/post"}],"author":[{"embeddable":true,"href":"https:\/\/agora.xtec.cat\/ceip-agsantandreu\/wp-json\/wp\/v2\/users\/6"}],"replies":[{"embeddable":true,"href":"https:\/\/agora.xtec.cat\/ceip-agsantandreu\/wp-json\/wp\/v2\/comments?post=6160"}],"version-history":[{"count":1,"href":"https:\/\/agora.xtec.cat\/ceip-agsantandreu\/wp-json\/wp\/v2\/posts\/6160\/revisions"}],"predecessor-version":[{"id":6162,"href":"https:\/\/agora.xtec.cat\/ceip-agsantandreu\/wp-json\/wp\/v2\/posts\/6160\/revisions\/6162"}],"wp:featuredmedia":[{"embeddable":true,"href":"https:\/\/agora.xtec.cat\/ceip-agsantandreu\/wp-json\/wp\/v2\/media\/6171"}],"wp:attachment":[{"href":"https:\/\/agora.xtec.cat\/ceip-agsantandreu\/wp-json\/wp\/v2\/media?parent=6160"}],"wp:term":[{"taxonomy":"category","embeddable":true,"href":"https:\/\/agora.xtec.cat\/ceip-agsantandreu\/wp-json\/wp\/v2\/categories?post=6160"},{"taxonomy":"post_tag","embeddable":true,"href":"https:\/\/agora.xtec.cat\/ceip-agsantandreu\/wp-json\/wp\/v2\/tags?post=6160"}],"curies":[{"name":"wp","href":"https:\/\/api.w.org\/{rel}","templated":true}]}}