{"id":6150,"date":"2022-01-24T14:55:56","date_gmt":"2022-01-24T13:55:56","guid":{"rendered":"https:\/\/agora.xtec.cat\/ceip-agsantandreu\/?p=6150"},"modified":"2022-01-24T14:55:56","modified_gmt":"2022-01-24T13:55:56","slug":"4t-dibuixos-a-partir-dobjectes-reals","status":"publish","type":"post","link":"https:\/\/agora.xtec.cat\/ceip-agsantandreu\/portada\/4t-dibuixos-a-partir-dobjectes-reals\/","title":{"rendered":"4t: Dibuixos a partir d&#8217;objectes reals!"},"content":{"rendered":"<p>Aquesta setmana a pl\u00e0stica els nens i nenes de 4t hem estat treballant la nostra imaginaci\u00f3 fent dibuixos a partir d&#8217;un objecte que trob\u00e9ssim per la classe. Mireu quines obres d&#8217;art han quedat! Cliqueu <a href=\"https:\/\/photos.app.goo.gl\/oo7A6yLg1SGC7CFB9\">aqu\u00ed<\/a> per veure m\u00e9s!<\/p>\n<p><a href=\"https:\/\/photos.app.goo.gl\/oo7A6yLg1SGC7CFB9\"><img loading=\"lazy\" decoding=\"async\" class=\"size-medium wp-image-6151 alignleft\" src=\"https:\/\/agora.xtec.cat\/ceip-agsantandreu\/wp-content\/uploads\/usu37\/2022\/01\/WhatsApp-Image-2022-01-24-at-1.47.01-PM-2-Copiar-300x225.jpeg\" alt=\"\" width=\"300\" height=\"225\" srcset=\"https:\/\/agora.xtec.cat\/ceip-agsantandreu\/wp-content\/uploads\/usu37\/2022\/01\/WhatsApp-Image-2022-01-24-at-1.47.01-PM-2-Copiar-300x225.jpeg 300w, https:\/\/agora.xtec.cat\/ceip-agsantandreu\/wp-content\/uploads\/usu37\/2022\/01\/WhatsApp-Image-2022-01-24-at-1.47.01-PM-2-Copiar-1024x768.jpeg 1024w, https:\/\/agora.xtec.cat\/ceip-agsantandreu\/wp-content\/uploads\/usu37\/2022\/01\/WhatsApp-Image-2022-01-24-at-1.47.01-PM-2-Copiar-768x576.jpeg 768w, https:\/\/agora.xtec.cat\/ceip-agsantandreu\/wp-content\/uploads\/usu37\/2022\/01\/WhatsApp-Image-2022-01-24-at-1.47.01-PM-2-Copiar-200x150.jpeg 200w, https:\/\/agora.xtec.cat\/ceip-agsantandreu\/wp-content\/uploads\/usu37\/2022\/01\/WhatsApp-Image-2022-01-24-at-1.47.01-PM-2-Copiar.jpeg 1280w\" sizes=\"auto, (max-width: 300px) 100vw, 300px\" \/><\/a> <a href=\"https:\/\/agora.xtec.cat\/ceip-agsantandreu\/wp-content\/uploads\/usu37\/2022\/01\/WhatsApp-Image-2022-01-24-at-1.47.01-PM-3-Copiar.jpg\"><img loading=\"lazy\" decoding=\"async\" class=\"wp-image-6152 alignleft\" src=\"https:\/\/agora.xtec.cat\/ceip-agsantandreu\/wp-content\/uploads\/usu37\/2022\/01\/WhatsApp-Image-2022-01-24-at-1.47.01-PM-3-Copiar-300x295.jpg\" alt=\"\" width=\"228\" height=\"224\" srcset=\"https:\/\/agora.xtec.cat\/ceip-agsantandreu\/wp-content\/uploads\/usu37\/2022\/01\/WhatsApp-Image-2022-01-24-at-1.47.01-PM-3-Copiar-300x295.jpg 300w, https:\/\/agora.xtec.cat\/ceip-agsantandreu\/wp-content\/uploads\/usu37\/2022\/01\/WhatsApp-Image-2022-01-24-at-1.47.01-PM-3-Copiar-1024x1005.jpg 1024w, https:\/\/agora.xtec.cat\/ceip-agsantandreu\/wp-content\/uploads\/usu37\/2022\/01\/WhatsApp-Image-2022-01-24-at-1.47.01-PM-3-Copiar-768x754.jpg 768w, https:\/\/agora.xtec.cat\/ceip-agsantandreu\/wp-content\/uploads\/usu37\/2022\/01\/WhatsApp-Image-2022-01-24-at-1.47.01-PM-3-Copiar.jpg 1043w\" sizes=\"auto, (max-width: 228px) 100vw, 228px\" \/><\/a><\/p>\n","protected":false},"excerpt":{"rendered":"<p>Aquesta setmana a pl\u00e0stica els nens i nenes de 4t hem estat treballant la nostra imaginaci\u00f3 fent dibuixos a partir d&#8217;un objecte que trob\u00e9ssim per la classe. Mireu quines obres d&#8217;art han quedat! Cliqueu <a href=\"https:\/\/photos.app.goo.gl\/oo7A6yLg1SGC7CFB9\">aqu\u00ed<\/a> per veure m\u00e9s!<br \/>\n<a href=\"https:\/\/photos.app.goo.gl\/oo7A6yLg1SGC7CFB9\"><\/a> <a href=\"https:\/\/agora.xtec.cat\/ceip-agsantandreu\/wp-content\/uploads\/usu37\/2022\/01\/WhatsApp-Image-2022-01-24-at-1.47.01-PM-3-Copiar.jpg\"><\/a><\/p>\n","protected":false},"author":3,"featured_media":0,"comment_status":"open","ping_status":"closed","sticky":false,"template":"","format":"standard","meta":{"_bbp_topic_count":0,"_bbp_reply_count":0,"_bbp_total_topic_count":0,"_bbp_total_reply_count":0,"_bbp_voice_count":0,"_bbp_anonymous_reply_count":0,"_bbp_topic_count_hidden":0,"_bbp_reply_count_hidden":0,"_bbp_forum_subforum_count":0,"footnotes":""},"categories":[58,57,4],"tags":[],"class_list":["post-6150","post","type-post","status-publish","format-standard","hentry","category-mitjans-mitjans","category-comunitats","category-portada"],"post_mailing_queue_ids":[],"_links":{"self":[{"href":"https:\/\/agora.xtec.cat\/ceip-agsantandreu\/wp-json\/wp\/v2\/posts\/6150","targetHints":{"allow":["GET"]}}],"collection":[{"href":"https:\/\/agora.xtec.cat\/ceip-agsantandreu\/wp-json\/wp\/v2\/posts"}],"about":[{"href":"https:\/\/agora.xtec.cat\/ceip-agsantandreu\/wp-json\/wp\/v2\/types\/post"}],"author":[{"embeddable":true,"href":"https:\/\/agora.xtec.cat\/ceip-agsantandreu\/wp-json\/wp\/v2\/users\/3"}],"replies":[{"embeddable":true,"href":"https:\/\/agora.xtec.cat\/ceip-agsantandreu\/wp-json\/wp\/v2\/comments?post=6150"}],"version-history":[{"count":1,"href":"https:\/\/agora.xtec.cat\/ceip-agsantandreu\/wp-json\/wp\/v2\/posts\/6150\/revisions"}],"predecessor-version":[{"id":6153,"href":"https:\/\/agora.xtec.cat\/ceip-agsantandreu\/wp-json\/wp\/v2\/posts\/6150\/revisions\/6153"}],"wp:attachment":[{"href":"https:\/\/agora.xtec.cat\/ceip-agsantandreu\/wp-json\/wp\/v2\/media?parent=6150"}],"wp:term":[{"taxonomy":"category","embeddable":true,"href":"https:\/\/agora.xtec.cat\/ceip-agsantandreu\/wp-json\/wp\/v2\/categories?post=6150"},{"taxonomy":"post_tag","embeddable":true,"href":"https:\/\/agora.xtec.cat\/ceip-agsantandreu\/wp-json\/wp\/v2\/tags?post=6150"}],"curies":[{"name":"wp","href":"https:\/\/api.w.org\/{rel}","templated":true}]}}