{"id":6075,"date":"2021-12-22T10:56:30","date_gmt":"2021-12-22T09:56:30","guid":{"rendered":"https:\/\/agora.xtec.cat\/ceip-agsantandreu\/?p=6075"},"modified":"2021-12-22T13:42:16","modified_gmt":"2021-12-22T12:42:16","slug":"poema-nadalenc-4t","status":"publish","type":"post","link":"https:\/\/agora.xtec.cat\/ceip-agsantandreu\/general\/poema-nadalenc-4t\/","title":{"rendered":"Poema Nadalenc 4t"},"content":{"rendered":"<p>Els nens i nenes de 4t de prim\u00e0ria ens hem apr\u00e8s el poema &#8220;Nadal m\u00e0gic&#8221; i ho voliem compartir amb tots vosaltres. Cliqueu sobre el curs i a gaudir!\u00a0 \u00a0<a href=\"https:\/\/youtu.be\/Ht2OYVij6Zg\">4tA<\/a> \/ <a href=\"https:\/\/youtu.be\/r1m1cXXKqFs\">4tB<\/a><\/p>\n<p><strong>Bon Nadal!<\/strong><\/p>\n<p><iframe loading=\"lazy\" src=\"\/\/giphy.com\/embed\/3o6ZtjqdcQfuno2WPK\" width=\"480\" height=\"476\" frameborder=\"0\" allowfullscreen=\"allowfullscreen\"><\/iframe><\/p>\n","protected":false},"excerpt":{"rendered":"<p>Els nens i nenes de 4t de prim\u00e0ria ens hem apr\u00e8s el poema &#8220;Nadal m\u00e0gic&#8221; i ho voliem compartir amb tots vosaltres. Cliqueu sobre el curs i a gaudir!\u00a0 \u00a0<a href=\"https:\/\/youtu.be\/Ht2OYVij6Zg\">4tA<\/a> \/ <a href=\"https:\/\/youtu.be\/r1m1cXXKqFs\">4tB<\/a><br \/>\nBon Nadal!<\/p>\n","protected":false},"author":3,"featured_media":6079,"comment_status":"open","ping_status":"closed","sticky":false,"template":"","format":"standard","meta":{"_bbp_topic_count":0,"_bbp_reply_count":0,"_bbp_total_topic_count":0,"_bbp_total_reply_count":0,"_bbp_voice_count":0,"_bbp_anonymous_reply_count":0,"_bbp_topic_count_hidden":0,"_bbp_reply_count_hidden":0,"_bbp_forum_subforum_count":0,"footnotes":""},"categories":[58,1],"tags":[],"class_list":["post-6075","post","type-post","status-publish","format-standard","has-post-thumbnail","hentry","category-mitjans-mitjans","category-general"],"post_mailing_queue_ids":[],"_links":{"self":[{"href":"https:\/\/agora.xtec.cat\/ceip-agsantandreu\/wp-json\/wp\/v2\/posts\/6075","targetHints":{"allow":["GET"]}}],"collection":[{"href":"https:\/\/agora.xtec.cat\/ceip-agsantandreu\/wp-json\/wp\/v2\/posts"}],"about":[{"href":"https:\/\/agora.xtec.cat\/ceip-agsantandreu\/wp-json\/wp\/v2\/types\/post"}],"author":[{"embeddable":true,"href":"https:\/\/agora.xtec.cat\/ceip-agsantandreu\/wp-json\/wp\/v2\/users\/3"}],"replies":[{"embeddable":true,"href":"https:\/\/agora.xtec.cat\/ceip-agsantandreu\/wp-json\/wp\/v2\/comments?post=6075"}],"version-history":[{"count":3,"href":"https:\/\/agora.xtec.cat\/ceip-agsantandreu\/wp-json\/wp\/v2\/posts\/6075\/revisions"}],"predecessor-version":[{"id":6096,"href":"https:\/\/agora.xtec.cat\/ceip-agsantandreu\/wp-json\/wp\/v2\/posts\/6075\/revisions\/6096"}],"wp:featuredmedia":[{"embeddable":true,"href":"https:\/\/agora.xtec.cat\/ceip-agsantandreu\/wp-json\/wp\/v2\/media\/6079"}],"wp:attachment":[{"href":"https:\/\/agora.xtec.cat\/ceip-agsantandreu\/wp-json\/wp\/v2\/media?parent=6075"}],"wp:term":[{"taxonomy":"category","embeddable":true,"href":"https:\/\/agora.xtec.cat\/ceip-agsantandreu\/wp-json\/wp\/v2\/categories?post=6075"},{"taxonomy":"post_tag","embeddable":true,"href":"https:\/\/agora.xtec.cat\/ceip-agsantandreu\/wp-json\/wp\/v2\/tags?post=6075"}],"curies":[{"name":"wp","href":"https:\/\/api.w.org\/{rel}","templated":true}]}}