{"id":6045,"date":"2021-12-22T18:48:49","date_gmt":"2021-12-22T17:48:49","guid":{"rendered":"https:\/\/agora.xtec.cat\/ceip-agsantandreu\/?p=6045"},"modified":"2021-12-22T18:57:34","modified_gmt":"2021-12-22T17:57:34","slug":"nadal-a-educacio-infantil-3","status":"publish","type":"post","link":"https:\/\/agora.xtec.cat\/ceip-agsantandreu\/general\/nadal-a-educacio-infantil-3\/","title":{"rendered":"Nadal a Educaci\u00f3 Infantil"},"content":{"rendered":"<p>Els nens i nenes d&#8217;educaci\u00f3 infantil vam rebre ahir la visita del Patge Reial que va recollir la carta que vam escriure entre tota la classe i ens va fer riure molt\u00edssim!!<\/p>\n<p>Avui tamb\u00e9 ha estat un dia molt divertit i emotiu: Hem fet cagar el Ti\u00f3, que ens ha portat un regalet molt bonic, hem menjat una xocalata bon\u00edssima i hem vist a la PDI els v\u00eddeos de les nadales de tota l&#8217;escola.<\/p>\n<p style=\"text-align: left\"><strong>BONES FESTES!<\/strong><\/p>\n<p style=\"text-align: center\"><a href=\"https:\/\/agora.xtec.cat\/ceip-agsantandreu\/wp-content\/uploads\/usu37\/2021\/12\/20211221_084942.jpg\"><img loading=\"lazy\" decoding=\"async\" class=\"aligncenter size-medium wp-image-6047\" src=\"https:\/\/agora.xtec.cat\/ceip-agsantandreu\/wp-content\/uploads\/usu37\/2021\/12\/20211221_084942-253x300.jpg\" alt=\"\" width=\"253\" height=\"300\" srcset=\"https:\/\/agora.xtec.cat\/ceip-agsantandreu\/wp-content\/uploads\/usu37\/2021\/12\/20211221_084942-253x300.jpg 253w, https:\/\/agora.xtec.cat\/ceip-agsantandreu\/wp-content\/uploads\/usu37\/2021\/12\/20211221_084942.jpg 768w\" sizes=\"auto, (max-width: 253px) 100vw, 253px\" \/><\/a><strong><span style=\"color: #000000\"><a style=\"color: #000000\" href=\"https:\/\/photos.app.goo.gl\/J22pAewJTLRbhn9v5\"><span style=\"color: #3366ff\">FOTOGRAFIES<\/span><\/a><\/span><\/strong><\/p>\n","protected":false},"excerpt":{"rendered":"<p>Els nens i nenes d&#8217;educaci\u00f3 infantil vam rebre ahir la visita del Patge Reial que va recollir la carta que vam escriure entre tota la classe i ens va fer riure molt\u00edssim!!<br \/>\nAvui tamb\u00e9 ha estat un dia molt divertit i emotiu: Hem fet cagar el&hellip;  <a href=\"https:\/\/agora.xtec.cat\/ceip-agsantandreu\/general\/nadal-a-educacio-infantil-3\/\" title=\"Read Nadal a Educaci\u00f3 Infantil\">Llegeix m\u00e9s\u00bb<\/a><\/p>\n","protected":false},"author":3,"featured_media":0,"comment_status":"closed","ping_status":"closed","sticky":false,"template":"","format":"standard","meta":{"_bbp_topic_count":0,"_bbp_reply_count":0,"_bbp_total_topic_count":0,"_bbp_total_reply_count":0,"_bbp_voice_count":0,"_bbp_anonymous_reply_count":0,"_bbp_topic_count_hidden":0,"_bbp_reply_count_hidden":0,"_bbp_forum_subforum_count":0,"footnotes":""},"categories":[2,1,4],"tags":[],"class_list":["post-6045","post","type-post","status-publish","format-standard","hentry","category-petits","category-general","category-portada"],"post_mailing_queue_ids":[],"_links":{"self":[{"href":"https:\/\/agora.xtec.cat\/ceip-agsantandreu\/wp-json\/wp\/v2\/posts\/6045","targetHints":{"allow":["GET"]}}],"collection":[{"href":"https:\/\/agora.xtec.cat\/ceip-agsantandreu\/wp-json\/wp\/v2\/posts"}],"about":[{"href":"https:\/\/agora.xtec.cat\/ceip-agsantandreu\/wp-json\/wp\/v2\/types\/post"}],"author":[{"embeddable":true,"href":"https:\/\/agora.xtec.cat\/ceip-agsantandreu\/wp-json\/wp\/v2\/users\/3"}],"replies":[{"embeddable":true,"href":"https:\/\/agora.xtec.cat\/ceip-agsantandreu\/wp-json\/wp\/v2\/comments?post=6045"}],"version-history":[{"count":3,"href":"https:\/\/agora.xtec.cat\/ceip-agsantandreu\/wp-json\/wp\/v2\/posts\/6045\/revisions"}],"predecessor-version":[{"id":6111,"href":"https:\/\/agora.xtec.cat\/ceip-agsantandreu\/wp-json\/wp\/v2\/posts\/6045\/revisions\/6111"}],"wp:attachment":[{"href":"https:\/\/agora.xtec.cat\/ceip-agsantandreu\/wp-json\/wp\/v2\/media?parent=6045"}],"wp:term":[{"taxonomy":"category","embeddable":true,"href":"https:\/\/agora.xtec.cat\/ceip-agsantandreu\/wp-json\/wp\/v2\/categories?post=6045"},{"taxonomy":"post_tag","embeddable":true,"href":"https:\/\/agora.xtec.cat\/ceip-agsantandreu\/wp-json\/wp\/v2\/tags?post=6045"}],"curies":[{"name":"wp","href":"https:\/\/api.w.org\/{rel}","templated":true}]}}