{"id":6038,"date":"2021-12-21T16:00:15","date_gmt":"2021-12-21T15:00:15","guid":{"rendered":"https:\/\/agora.xtec.cat\/ceip-agsantandreu\/?p=6038"},"modified":"2021-12-21T16:00:15","modified_gmt":"2021-12-21T15:00:15","slug":"poema-nadalenc-3r","status":"publish","type":"post","link":"https:\/\/agora.xtec.cat\/ceip-agsantandreu\/general\/poema-nadalenc-3r\/","title":{"rendered":"Poema nadalenc 3r"},"content":{"rendered":"<p>Els alumnes de 3r de prim\u00e0ria s&#8217;han apr\u00e9s un preci\u00f3s poema i no volien deixar anar l&#8217;oportunitat de compartir-ho amb tots vosaltres.<\/p>\n<p><a href=\"https:\/\/photos.app.goo.gl\/fouzHnNazVPQsp4Q9\" target=\"_blank\" rel=\"noopener\">Cliqueu aqu\u00ed per veure els v\u00eddeos!<\/a><\/p>\n<p><iframe loading=\"lazy\" src=\"\/\/giphy.com\/embed\/9w475hDWEPVlu\" width=\"480\" height=\"480\" frameborder=\"0\" allowfullscreen=\"allowfullscreen\"><\/iframe><\/p>\n","protected":false},"excerpt":{"rendered":"<p>Els alumnes de 3r de prim\u00e0ria s&#8217;han apr\u00e9s un preci\u00f3s poema i no volien deixar anar l&#8217;oportunitat de compartir-ho amb tots vosaltres.<br \/>\n<a href=\"https:\/\/photos.app.goo.gl\/fouzHnNazVPQsp4Q9\" target=\"_blank\" rel=\"noopener\">Cliqueu aqu\u00ed per veure els v\u00eddeos!<\/a><\/p>\n","protected":false},"author":1,"featured_media":0,"comment_status":"closed","ping_status":"closed","sticky":false,"template":"","format":"standard","meta":{"_bbp_topic_count":0,"_bbp_reply_count":0,"_bbp_total_topic_count":0,"_bbp_total_reply_count":0,"_bbp_voice_count":0,"_bbp_anonymous_reply_count":0,"_bbp_topic_count_hidden":0,"_bbp_reply_count_hidden":0,"_bbp_forum_subforum_count":0,"footnotes":""},"categories":[58,1],"tags":[],"class_list":["post-6038","post","type-post","status-publish","format-standard","hentry","category-mitjans-mitjans","category-general"],"post_mailing_queue_ids":[],"_links":{"self":[{"href":"https:\/\/agora.xtec.cat\/ceip-agsantandreu\/wp-json\/wp\/v2\/posts\/6038","targetHints":{"allow":["GET"]}}],"collection":[{"href":"https:\/\/agora.xtec.cat\/ceip-agsantandreu\/wp-json\/wp\/v2\/posts"}],"about":[{"href":"https:\/\/agora.xtec.cat\/ceip-agsantandreu\/wp-json\/wp\/v2\/types\/post"}],"author":[{"embeddable":true,"href":"https:\/\/agora.xtec.cat\/ceip-agsantandreu\/wp-json\/wp\/v2\/users\/1"}],"replies":[{"embeddable":true,"href":"https:\/\/agora.xtec.cat\/ceip-agsantandreu\/wp-json\/wp\/v2\/comments?post=6038"}],"version-history":[{"count":2,"href":"https:\/\/agora.xtec.cat\/ceip-agsantandreu\/wp-json\/wp\/v2\/posts\/6038\/revisions"}],"predecessor-version":[{"id":6040,"href":"https:\/\/agora.xtec.cat\/ceip-agsantandreu\/wp-json\/wp\/v2\/posts\/6038\/revisions\/6040"}],"wp:attachment":[{"href":"https:\/\/agora.xtec.cat\/ceip-agsantandreu\/wp-json\/wp\/v2\/media?parent=6038"}],"wp:term":[{"taxonomy":"category","embeddable":true,"href":"https:\/\/agora.xtec.cat\/ceip-agsantandreu\/wp-json\/wp\/v2\/categories?post=6038"},{"taxonomy":"post_tag","embeddable":true,"href":"https:\/\/agora.xtec.cat\/ceip-agsantandreu\/wp-json\/wp\/v2\/tags?post=6038"}],"curies":[{"name":"wp","href":"https:\/\/api.w.org\/{rel}","templated":true}]}}