{"id":6022,"date":"2021-12-13T17:33:05","date_gmt":"2021-12-13T16:33:05","guid":{"rendered":"https:\/\/agora.xtec.cat\/ceip-agsantandreu\/?p=6022"},"modified":"2021-12-16T15:49:51","modified_gmt":"2021-12-16T14:49:51","slug":"sortida-ruta-modernista-de-6e","status":"publish","type":"post","link":"https:\/\/agora.xtec.cat\/ceip-agsantandreu\/general\/sortida-ruta-modernista-de-6e\/","title":{"rendered":"Sortida &#8220;Ruta modernista&#8221; de 6\u00e8"},"content":{"rendered":"<p>Els alumnes de 6\u00e8 vam realitzar la ruta del modernisme&#8221; Barcelona Modernista&#8221; on vam poder gaudir observant l&#8217;arquitectura d&#8217;aquella\u00a0 \u00e8poca, plena de detalls, t\u00e8cniques i colors. Us deixem l&#8217;enlla\u00e7 amb imatges per viure les nostres sensacions.<\/p>\n<p><a href=\"https:\/\/photos.app.goo.gl\/5h6ndymVsPRhjuWF8\" target=\"_blank\" rel=\"noopener\"><img loading=\"lazy\" decoding=\"async\" class=\"aligncenter wp-image-6023 size-medium\" src=\"https:\/\/agora.xtec.cat\/ceip-agsantandreu\/wp-content\/uploads\/usu37\/2021\/12\/WhatsApp-Image-2021-12-16-at-1.33.58-PM-225x300.jpeg\" alt=\"\" width=\"225\" height=\"300\" srcset=\"https:\/\/agora.xtec.cat\/ceip-agsantandreu\/wp-content\/uploads\/usu37\/2021\/12\/WhatsApp-Image-2021-12-16-at-1.33.58-PM-225x300.jpeg 225w, https:\/\/agora.xtec.cat\/ceip-agsantandreu\/wp-content\/uploads\/usu37\/2021\/12\/WhatsApp-Image-2021-12-16-at-1.33.58-PM-768x1024.jpeg 768w, https:\/\/agora.xtec.cat\/ceip-agsantandreu\/wp-content\/uploads\/usu37\/2021\/12\/WhatsApp-Image-2021-12-16-at-1.33.58-PM-1152x1536.jpeg 1152w, https:\/\/agora.xtec.cat\/ceip-agsantandreu\/wp-content\/uploads\/usu37\/2021\/12\/WhatsApp-Image-2021-12-16-at-1.33.58-PM.jpeg 1200w\" sizes=\"auto, (max-width: 225px) 100vw, 225px\" \/><\/a><\/p>\n<p><a href=\"https:\/\/photos.app.goo.gl\/5h6ndymVsPRhjuWF8\" target=\"_blank\" rel=\"noopener\">Fotografies de la sortida<\/a><\/p>\n","protected":false},"excerpt":{"rendered":"<p>Els alumnes de 6\u00e8 vam realitzar la ruta del modernisme&#8221; Barcelona Modernista&#8221; on vam poder gaudir observant l&#8217;arquitectura d&#8217;aquella\u00a0 \u00e8poca, plena de detalls, t\u00e8cniques i colors. Us deixem l&#8217;enlla\u00e7 amb imatges per viure les nostres sensacions.<br \/>\n<a href=\"https:\/\/photos.app.goo.gl\/5h6ndymVsPRhjuWF8\" target=\"_blank\" rel=\"noopener\"><\/a><br \/>\n<a href=\"https:\/\/photos.app.goo.gl\/5h6ndymVsPRhjuWF8\" target=\"_blank\" rel=\"noopener\">Fotografies de la sortida<\/a><\/p>\n","protected":false},"author":1,"featured_media":0,"comment_status":"closed","ping_status":"closed","sticky":false,"template":"","format":"standard","meta":{"_bbp_topic_count":0,"_bbp_reply_count":0,"_bbp_total_topic_count":0,"_bbp_total_reply_count":0,"_bbp_voice_count":0,"_bbp_anonymous_reply_count":0,"_bbp_topic_count_hidden":0,"_bbp_reply_count_hidden":0,"_bbp_forum_subforum_count":0,"footnotes":""},"categories":[59,1],"tags":[],"class_list":["post-6022","post","type-post","status-publish","format-standard","hentry","category-grans","category-general"],"post_mailing_queue_ids":[],"_links":{"self":[{"href":"https:\/\/agora.xtec.cat\/ceip-agsantandreu\/wp-json\/wp\/v2\/posts\/6022","targetHints":{"allow":["GET"]}}],"collection":[{"href":"https:\/\/agora.xtec.cat\/ceip-agsantandreu\/wp-json\/wp\/v2\/posts"}],"about":[{"href":"https:\/\/agora.xtec.cat\/ceip-agsantandreu\/wp-json\/wp\/v2\/types\/post"}],"author":[{"embeddable":true,"href":"https:\/\/agora.xtec.cat\/ceip-agsantandreu\/wp-json\/wp\/v2\/users\/1"}],"replies":[{"embeddable":true,"href":"https:\/\/agora.xtec.cat\/ceip-agsantandreu\/wp-json\/wp\/v2\/comments?post=6022"}],"version-history":[{"count":1,"href":"https:\/\/agora.xtec.cat\/ceip-agsantandreu\/wp-json\/wp\/v2\/posts\/6022\/revisions"}],"predecessor-version":[{"id":6024,"href":"https:\/\/agora.xtec.cat\/ceip-agsantandreu\/wp-json\/wp\/v2\/posts\/6022\/revisions\/6024"}],"wp:attachment":[{"href":"https:\/\/agora.xtec.cat\/ceip-agsantandreu\/wp-json\/wp\/v2\/media?parent=6022"}],"wp:term":[{"taxonomy":"category","embeddable":true,"href":"https:\/\/agora.xtec.cat\/ceip-agsantandreu\/wp-json\/wp\/v2\/categories?post=6022"},{"taxonomy":"post_tag","embeddable":true,"href":"https:\/\/agora.xtec.cat\/ceip-agsantandreu\/wp-json\/wp\/v2\/tags?post=6022"}],"curies":[{"name":"wp","href":"https:\/\/api.w.org\/{rel}","templated":true}]}}